{"id":24900,"date":"2026-04-17T12:23:32","date_gmt":"2026-04-17T10:23:32","guid":{"rendered":"https:\/\/ospoljcane.si\/nova\/?p=24900"},"modified":"2026-04-17T12:32:06","modified_gmt":"2026-04-17T10:32:06","slug":"solski-ekipni-kros-4","status":"publish","type":"post","link":"https:\/\/ospoljcane.si\/nova\/2026\/04\/17\/solski-ekipni-kros-4\/","title":{"rendered":"\u0160olski ekipni kros"},"content":{"rendered":"\t\t<div data-elementor-type=\"wp-post\" data-elementor-id=\"24900\" class=\"elementor elementor-24900\" data-elementor-post-type=\"post\">\n\t\t\t\t\t\t<section class=\"elementor-section elementor-top-section elementor-element elementor-element-9d5559e elementor-section-boxed elementor-section-height-default elementor-section-height-default\" data-id=\"9d5559e\" data-element_type=\"section\" data-e-type=\"section\">\n\t\t\t\t\t\t<div class=\"elementor-container elementor-column-gap-default\">\n\t\t\t\t\t<div class=\"elementor-column elementor-col-100 elementor-top-column elementor-element elementor-element-8ff6f39\" data-id=\"8ff6f39\" data-element_type=\"column\" data-e-type=\"column\">\n\t\t\t<div class=\"elementor-widget-wrap elementor-element-populated\">\n\t\t\t\t\t\t<div class=\"elementor-element elementor-element-e565ba8 elementor-widget elementor-widget-text-editor\" data-id=\"e565ba8\" data-element_type=\"widget\" data-e-type=\"widget\" data-widget_type=\"text-editor.default\">\n\t\t\t\t<div class=\"elementor-widget-container\">\n\t\t\t\t\t\t\t\t\t<p>Tudi leto\u0161nji dr\u017eavnega \u0161olskega ekipnega krosa je potekal ob paviljonu Expano ob Sobo\u0161kem jezeru pri Murski Soboti, kot \u017ee nekaj preteklih let. Udele\u017eili smo se ga s 35 u\u010denci od 4. do 9. razreda. Najmlaj\u0161i (4. r) so tekli na razdalji 500 m, starej\u0161i na 1000 m, de\u010dki iz osmega in devetega razreda pa na 1500 m. Tekmovanje \u0161teje tako za posamezne medalje po letnikih, kot ekipne. Na koncu se tekmuje \u0161e v me\u0161ani \u0161tafeti in za vseekipno razvrstitev, kjer se je upo\u0161teva osem najbolj\u0161ih posameznih rezultatov. De\u010dki in deklice 4. razreda so tekli kot pripravniki netekmovalno, njihovi rezultati se niso objavljali in ne upo\u0161tevali. Najbolj\u0161e rezultate posami\u010dno so dosegli: Izak Rupnik 5. mesto, Anej Auer 7. mesto in Ana Vidovi\u010d 11. mesto. Ekipno so bili najbolj\u0161i osmo\u0161olci (Izak Rupnik, Rene Kodri\u010d, Ana Vidovi\u010d, Ajda Marzidov\u0161ek) in peto\u0161olci (Anej Auer, Aleksej Stanojevi\u0107, Inja Razbor\u0161ek, Eva Mijo\u0161ek), oboji so osvojili \u010detrto mesto. V me\u0161ani \u0161tafeti smo osvojili 5. mesto, vseekipno pa 12. mesto v dr\u017eavi.<\/p>\t\t\t\t\t\t\t\t<\/div>\n\t\t\t\t<\/div>\n\t\t\t\t\t<\/div>\n\t\t<\/div>\n\t\t\t\t\t<\/div>\n\t\t<\/section>\n\t\t\t\t<section class=\"elementor-section elementor-top-section elementor-element elementor-element-8d3411f elementor-section-boxed elementor-section-height-default elementor-section-height-default\" data-id=\"8d3411f\" data-element_type=\"section\" data-e-type=\"section\">\n\t\t\t\t\t\t<div class=\"elementor-container elementor-column-gap-default\">\n\t\t\t\t\t<div class=\"elementor-column elementor-col-100 elementor-top-column elementor-element elementor-element-3cda539\" data-id=\"3cda539\" data-element_type=\"column\" data-e-type=\"column\">\n\t\t\t<div class=\"elementor-widget-wrap elementor-element-populated\">\n\t\t\t\t\t\t<div class=\"elementor-element elementor-element-ad49079 elementor-widget elementor-widget-image\" data-id=\"ad49079\" data-element_type=\"widget\" data-e-type=\"widget\" data-widget_type=\"image.default\">\n\t\t\t\t<div class=\"elementor-widget-container\">\n\t\t\t\t\t\t\t\t\t\t\t\t<figure class=\"wp-caption\">\n\t\t\t\t\t\t\t\t\t\t<img fetchpriority=\"high\" decoding=\"async\" width=\"1020\" height=\"611\" src=\"https:\/\/ospoljcane.si\/nova\/wp-content\/uploads\/2026\/04\/ekipni-kros-ekipa-sole-1024x613.jpg\" class=\"attachment-large size-large wp-image-24901\" alt=\"\" srcset=\"https:\/\/ospoljcane.si\/nova\/wp-content\/uploads\/2026\/04\/ekipni-kros-ekipa-sole-1024x613.jpg 1024w, https:\/\/ospoljcane.si\/nova\/wp-content\/uploads\/2026\/04\/ekipni-kros-ekipa-sole-300x180.jpg 300w, https:\/\/ospoljcane.si\/nova\/wp-content\/uploads\/2026\/04\/ekipni-kros-ekipa-sole-768x460.jpg 768w, https:\/\/ospoljcane.si\/nova\/wp-content\/uploads\/2026\/04\/ekipni-kros-ekipa-sole-100x60.jpg 100w, https:\/\/ospoljcane.si\/nova\/wp-content\/uploads\/2026\/04\/ekipni-kros-ekipa-sole.jpg 1501w\" sizes=\"(max-width: 1020px) 100vw, 1020px\" \/>\t\t\t\t\t\t\t\t\t\t\t<figcaption class=\"widget-image-caption wp-caption-text\">Celotna ekipa na\u0161e \u0161ole<\/figcaption>\n\t\t\t\t\t\t\t\t\t\t<\/figure>\n\t\t\t\t\t\t\t\t\t<\/div>\n\t\t\t\t<\/div>\n\t\t\t\t\t<\/div>\n\t\t<\/div>\n\t\t\t\t\t<\/div>\n\t\t<\/section>\n\t\t\t\t<section class=\"elementor-section elementor-top-section elementor-element elementor-element-519f46f elementor-section-boxed elementor-section-height-default elementor-section-height-default\" data-id=\"519f46f\" data-element_type=\"section\" data-e-type=\"section\">\n\t\t\t\t\t\t<div class=\"elementor-container elementor-column-gap-default\">\n\t\t\t\t\t<div class=\"elementor-column elementor-col-100 elementor-top-column elementor-element elementor-element-5b04007\" data-id=\"5b04007\" data-element_type=\"column\" data-e-type=\"column\">\n\t\t\t<div class=\"elementor-widget-wrap elementor-element-populated\">\n\t\t\t\t\t\t<div class=\"elementor-element elementor-element-b1fad6a elementor-widget elementor-widget-text-editor\" data-id=\"b1fad6a\" data-element_type=\"widget\" data-e-type=\"widget\" data-widget_type=\"text-editor.default\">\n\t\t\t\t<div class=\"elementor-widget-container\">\n\t\t\t\t\t\t\t\t\t<p><strong><u>REZULTATI \u2013 KROS \u2013 POSAMEZNO<\/u><\/strong><\/p><p>\u00a0<\/p><table width=\"697\"><tbody><tr><td colspan=\"3\" width=\"366\"><p><strong>DE\u010cKI<\/strong><\/p><\/td><td colspan=\"3\" width=\"331\"><p><strong>DEKLICE<\/strong><\/p><\/td><\/tr><tr><td width=\"83\"><p><strong>MESTO<\/strong><\/p><\/td><td width=\"198\"><p><strong>IME, PRIIMEK<\/strong><\/p><\/td><td width=\"85\"><p><strong>LETNIK<\/strong><\/p><\/td><td width=\"76\"><p><strong>MESTO<\/strong><\/p><\/td><td width=\"170\"><p><strong>IME, PRIIMEK<\/strong><\/p><\/td><td width=\"85\"><p><strong>LETNIK<\/strong><\/p><\/td><\/tr><tr><td rowspan=\"3\" width=\"83\"><p>ne<\/p><p>tek<\/p><p>movalno<\/p><\/td><td width=\"198\"><p>O\u017ebej Vehovar<\/p><\/td><td width=\"85\"><p>2016<\/p><\/td><td rowspan=\"3\" width=\"76\"><p>ne<\/p><p>tek<\/p><p>movalno<\/p><\/td><td width=\"170\"><p>Hannah Drozg<\/p><\/td><td width=\"85\"><p>2016<\/p><\/td><\/tr><tr><td width=\"198\"><p>David Iuso<\/p><\/td><td width=\"85\"><p>\u00a0<\/p><\/td><td width=\"170\"><p>Maja Zidar<\/p><\/td><td width=\"85\"><p>\u00a0<\/p><\/td><\/tr><tr><td width=\"198\"><p>Timon Bek<\/p><\/td><td width=\"85\"><p>\u00a0<\/p><\/td><td width=\"170\"><p>Anja Zidar<\/p><\/td><td width=\"85\"><p>\u00a0<\/p><\/td><\/tr><tr><td width=\"83\"><p>7.<\/p><\/td><td width=\"198\"><p>Anej Auer<\/p><\/td><td width=\"85\"><p>2015<\/p><\/td><td width=\"76\"><p>25.<\/p><\/td><td width=\"170\"><p>Inja Razbor\u0161ek<\/p><\/td><td width=\"85\"><p>2015<\/p><\/td><\/tr><tr><td width=\"83\"><p>33.<\/p><\/td><td width=\"198\"><p>Aleksej Stanojevi\u0107<\/p><\/td><td width=\"85\"><p>\u00a0<\/p><\/td><td width=\"76\"><p>42.<\/p><\/td><td width=\"170\"><p>Eva Mijo\u0161ek<\/p><\/td><td width=\"85\"><p>\u00a0<\/p><\/td><\/tr><tr><td width=\"83\"><p>53.<\/p><\/td><td width=\"198\"><p>Matev\u017e Bab\u0161ek<\/p><\/td><td width=\"85\"><p>\u00a0<\/p><\/td><td width=\"76\"><p>47.<\/p><\/td><td width=\"170\"><p>Ema \u017duna<\/p><\/td><td width=\"85\"><p>\u00a0<\/p><\/td><\/tr><tr><td width=\"83\"><p>57.<\/p><\/td><td width=\"198\"><p>Mark Brdnik<\/p><\/td><td width=\"85\"><p>\u00a0<\/p><\/td><td width=\"76\"><p>59.<\/p><\/td><td width=\"170\"><p>\u00a0<\/p><\/td><td width=\"85\"><p>\u00a0<\/p><\/td><\/tr><tr><td width=\"83\"><p>75.<\/p><\/td><td width=\"198\"><p>Liam Brglez<\/p><\/td><td width=\"85\"><p>2014<\/p><\/td><td width=\"76\"><p>47.<\/p><\/td><td width=\"170\"><p>Ne\u017ea Klinc<\/p><\/td><td width=\"85\"><p>2014<\/p><\/td><\/tr><tr><td width=\"83\"><p>90.<\/p><\/td><td width=\"198\"><p>Mauro Hrastnik<\/p><\/td><td width=\"85\"><p>\u00a0<\/p><\/td><td width=\"76\"><p>57.<\/p><\/td><td width=\"170\"><p>Nika Kralj<\/p><\/td><td width=\"85\"><p>\u00a0<\/p><\/td><\/tr><tr><td width=\"83\"><p>93.<\/p><\/td><td width=\"198\"><p>Jure Berk<\/p><\/td><td width=\"85\"><p>\u00a0<\/p><\/td><td width=\"76\"><p>74.<\/p><\/td><td width=\"170\"><p>Tijana Jelov\u0161ek<\/p><\/td><td width=\"85\"><p>\u00a0<\/p><\/td><\/tr><tr><td width=\"83\"><p>104.<\/p><\/td><td width=\"198\"><p>Amadej \u017donta<\/p><\/td><td width=\"85\"><p>\u00a0<\/p><\/td><td width=\"76\"><p>\u00a0<\/p><\/td><td width=\"170\"><p>\u00a0<\/p><\/td><td width=\"85\"><p>\u00a0<\/p><\/td><\/tr><tr><td width=\"83\"><p>65.<\/p><\/td><td width=\"198\"><p>Jakob Iuso<\/p><\/td><td width=\"85\"><p>2013<\/p><\/td><td width=\"76\"><p>58.<\/p><\/td><td width=\"170\"><p>Ajda Vehovar<\/p><\/td><td width=\"85\"><p>2013<\/p><\/td><\/tr><tr><td width=\"83\"><p>70.<\/p><\/td><td width=\"198\"><p>Tayl Rak<\/p><\/td><td width=\"85\"><p>\u00a0<\/p><\/td><td width=\"76\"><p>80.<\/p><\/td><td width=\"170\"><p>Antonija Ukman<\/p><\/td><td width=\"85\"><p>\u00a0<\/p><\/td><\/tr><tr><td width=\"83\"><p>74.<\/p><\/td><td width=\"198\"><p>Ga\u0161per Mr\u0161i\u0107<\/p><\/td><td width=\"85\"><p>\u00a0<\/p><\/td><td width=\"76\"><p>40.<\/p><\/td><td width=\"170\"><p>\u00a0<\/p><\/td><td width=\"85\"><p>\u00a0<\/p><\/td><\/tr><tr><td width=\"83\"><p>5.<\/p><\/td><td width=\"198\"><p>Izak Rupnik<\/p><\/td><td width=\"85\"><p>2012<\/p><\/td><td width=\"76\"><p>11.<\/p><\/td><td width=\"170\"><p>Ana Vidovi\u010d<\/p><\/td><td width=\"85\"><p>2012<\/p><\/td><\/tr><tr><td width=\"83\"><p>50.<\/p><\/td><td width=\"198\"><p>Rene Kodri\u010d<\/p><\/td><td width=\"85\"><p>\u00a0<\/p><\/td><td width=\"76\"><p>15.<\/p><\/td><td width=\"170\"><p>Ajda Marzidov\u0161ek<\/p><\/td><td width=\"85\"><p>\u00a0<\/p><\/td><\/tr><tr><td width=\"83\"><p>60.<\/p><\/td><td width=\"198\"><p>Iker Ko\u0161ir<\/p><\/td><td width=\"85\"><p>\u00a0<\/p><\/td><td width=\"76\"><p>16.<\/p><\/td><td width=\"170\"><p>Bina Turin<\/p><\/td><td width=\"85\"><p>\u00a0<\/p><\/td><\/tr><tr><td width=\"83\"><p>72.<\/p><\/td><td width=\"198\"><p>Jan \u0160ega<\/p><\/td><td width=\"85\"><p>2011<\/p><\/td><td width=\"76\"><p>27.<\/p><\/td><td width=\"170\"><p>Danaja \u017duna<\/p><\/td><td width=\"85\"><p>2011<\/p><\/td><\/tr><tr><td width=\"83\"><p>77.<\/p><\/td><td width=\"198\"><p>Patrik Valand<\/p><\/td><td width=\"85\"><p>\u00a0<\/p><\/td><td width=\"76\"><p>61.<\/p><\/td><td width=\"170\"><p>Eva Lorber<\/p><\/td><td width=\"85\"><p>\u00a0<\/p><\/td><\/tr><\/tbody><\/table><p><strong><u>REZULTATI \u2013 KROS \u2013 EKIPNO PO LETNIKIH<\/u><\/strong><\/p><p>\u00a0<\/p><table><tbody><tr><td width=\"83\"><p><strong>Mesto<\/strong><\/p><\/td><td width=\"302\"><p><strong>DE\u010cKI \u2013 kategorija, ime, priimek<\/strong><\/p><\/td><td width=\"304\"><p><strong>DEKLICE \u2013 kategorija, ime, priimek<\/strong><\/p><\/td><\/tr><tr><td width=\"83\"><p><strong>4.<\/strong><\/p><\/td><td width=\"302\"><p><u>De\u010dki, letnik 2015<\/u><\/p><p>Anej Auer<\/p><p>Aleksej Stanojevi\u0107<\/p><\/td><td width=\"304\"><p><u>Deklice, letnik 2015<\/u><\/p><p>Inja Razbor\u0161ek<\/p><p>Eva Mijo\u0161ek<\/p><\/td><\/tr><tr><td width=\"83\"><p><strong>18.<\/strong><\/p><\/td><td width=\"302\"><p><u>De\u010dki, letnik 2014<\/u><\/p><p>Liam Brglez<\/p><p>Aleksej Stanojevi\u0107<\/p><\/td><td width=\"304\"><p><u>Deklice, letnik 2014<\/u><\/p><p>Ne\u017ea Klinc<\/p><p>Nika Kralj<\/p><\/td><\/tr><tr><td width=\"83\"><p><strong>15.<\/strong><\/p><\/td><td width=\"302\"><p><u>De\u010dki, letnik 2013<\/u><\/p><p>Jakob Iuso<\/p><p>Tayl Rak<\/p><\/td><td width=\"304\"><p><u>Deklice, letnik 2013<\/u><\/p><p>Ajda Vehovar<\/p><p>Antonija Ukman<\/p><\/td><\/tr><tr><td width=\"83\"><p><strong>4.<\/strong><\/p><\/td><td width=\"302\"><p><u>De\u010dki, letnik 2012<\/u><\/p><p>Izak Rupnik<\/p><p>Rene Kodri\u010d<\/p><\/td><td width=\"304\"><p><u>Deklice, letnik 2012<\/u><\/p><p>Ana Vidovi\u010d<\/p><p>Ajda Marzidov\u0161ek<\/p><\/td><\/tr><tr><td width=\"83\"><p><strong>12.<\/strong><\/p><\/td><td width=\"302\"><p><u>De\u010dki, letnik 2011<\/u><\/p><p>Jan \u0160ega<\/p><p>Filip Krenker<\/p><\/td><td width=\"304\"><p><u>Deklice, letnik 2011<\/u><\/p><p>Danaja \u017duna<\/p><p>Eva Lorber<\/p><\/td><\/tr><tr><td width=\"83\"><p><strong>Mesto<\/strong><\/p><\/td><td colspan=\"2\" width=\"607\"><p><strong>Me\u0161ana \u0161tafeta<\/strong><\/p><\/td><\/tr><tr><td width=\"83\"><p><strong>5.<\/strong><\/p><\/td><td colspan=\"2\" width=\"607\"><p>Deklice: Danaja \u017duna, Ana Vidovi\u010d, Ajda Marzidov\u0161ek, Bina Turin<\/p><p>De\u010dki: Jan \u0160ega, Patrik Valand, Izak Rupnik, Rene Kodri\u010d<\/p><\/td><\/tr><\/tbody><\/table>\t\t\t\t\t\t\t\t<\/div>\n\t\t\t\t<\/div>\n\t\t\t\t\t<\/div>\n\t\t<\/div>\n\t\t\t\t\t<\/div>\n\t\t<\/section>\n\t\t\t\t<section class=\"elementor-section elementor-top-section elementor-element elementor-element-daae279 elementor-section-boxed elementor-section-height-default elementor-section-height-default\" data-id=\"daae279\" data-element_type=\"section\" data-e-type=\"section\">\n\t\t\t\t\t\t<div class=\"elementor-container elementor-column-gap-default\">\n\t\t\t\t\t<div class=\"elementor-column elementor-col-50 elementor-top-column elementor-element elementor-element-d752e5a\" data-id=\"d752e5a\" data-element_type=\"column\" data-e-type=\"column\">\n\t\t\t<div class=\"elementor-widget-wrap elementor-element-populated\">\n\t\t\t\t\t\t<div class=\"elementor-element elementor-element-c9b4f60 elementor-widget elementor-widget-image\" data-id=\"c9b4f60\" data-element_type=\"widget\" data-e-type=\"widget\" data-widget_type=\"image.default\">\n\t\t\t\t<div class=\"elementor-widget-container\">\n\t\t\t\t\t\t\t\t\t\t\t\t<figure class=\"wp-caption\">\n\t\t\t\t\t\t\t\t\t\t<img decoding=\"async\" width=\"682\" height=\"853\" src=\"https:\/\/ospoljcane.si\/nova\/wp-content\/uploads\/2026\/04\/ekipni-kros-4-razred-deklice.jpg\" class=\"attachment-large size-large wp-image-24903\" alt=\"\" srcset=\"https:\/\/ospoljcane.si\/nova\/wp-content\/uploads\/2026\/04\/ekipni-kros-4-razred-deklice.jpg 682w, https:\/\/ospoljcane.si\/nova\/wp-content\/uploads\/2026\/04\/ekipni-kros-4-razred-deklice-240x300.jpg 240w, https:\/\/ospoljcane.si\/nova\/wp-content\/uploads\/2026\/04\/ekipni-kros-4-razred-deklice-48x60.jpg 48w\" sizes=\"(max-width: 682px) 100vw, 682px\" \/>\t\t\t\t\t\t\t\t\t\t\t<figcaption class=\"widget-image-caption wp-caption-text\">4. razred, deklice z leve: Hannah Drozg, Anja Zidar, Maja Zidar. De\u010dki z leve: Timon Bek, David Iuso, O\u017ebej Vehovar.<\/figcaption>\n\t\t\t\t\t\t\t\t\t\t<\/figure>\n\t\t\t\t\t\t\t\t\t<\/div>\n\t\t\t\t<\/div>\n\t\t\t\t\t<\/div>\n\t\t<\/div>\n\t\t\t\t<div class=\"elementor-column elementor-col-50 elementor-top-column elementor-element elementor-element-8e9dd1f\" data-id=\"8e9dd1f\" data-element_type=\"column\" data-e-type=\"column\">\n\t\t\t<div class=\"elementor-widget-wrap elementor-element-populated\">\n\t\t\t\t\t\t<div class=\"elementor-element elementor-element-65e4b36 elementor-widget elementor-widget-image\" data-id=\"65e4b36\" data-element_type=\"widget\" data-e-type=\"widget\" data-widget_type=\"image.default\">\n\t\t\t\t<div class=\"elementor-widget-container\">\n\t\t\t\t\t\t\t\t\t\t\t\t<figure class=\"wp-caption\">\n\t\t\t\t\t\t\t\t\t\t<img decoding=\"async\" width=\"669\" height=\"846\" src=\"https:\/\/ospoljcane.si\/nova\/wp-content\/uploads\/2026\/04\/ekipni-kros-5-razred.jpg\" class=\"attachment-large size-large wp-image-24902\" alt=\"\" srcset=\"https:\/\/ospoljcane.si\/nova\/wp-content\/uploads\/2026\/04\/ekipni-kros-5-razred.jpg 669w, https:\/\/ospoljcane.si\/nova\/wp-content\/uploads\/2026\/04\/ekipni-kros-5-razred-237x300.jpg 237w, https:\/\/ospoljcane.si\/nova\/wp-content\/uploads\/2026\/04\/ekipni-kros-5-razred-47x60.jpg 47w\" sizes=\"(max-width: 669px) 100vw, 669px\" \/>\t\t\t\t\t\t\t\t\t\t\t<figcaption class=\"widget-image-caption wp-caption-text\">5. razred, deklice z leve: Eva Mijo\u0161ek, Inja Razbor\u0161ek, Ema \u017duna. De\u010dki z leve: Anej Auer, Mark Brdnik, Aleksej Stanojevi\u0107, Matev\u017e Bab\u0161ek.<\/figcaption>\n\t\t\t\t\t\t\t\t\t\t<\/figure>\n\t\t\t\t\t\t\t\t\t<\/div>\n\t\t\t\t<\/div>\n\t\t\t\t\t<\/div>\n\t\t<\/div>\n\t\t\t\t\t<\/div>\n\t\t<\/section>\n\t\t\t\t<section class=\"elementor-section elementor-top-section elementor-element elementor-element-fad4d0d elementor-section-boxed elementor-section-height-default elementor-section-height-default\" data-id=\"fad4d0d\" data-element_type=\"section\" data-e-type=\"section\">\n\t\t\t\t\t\t<div class=\"elementor-container elementor-column-gap-default\">\n\t\t\t\t\t<div class=\"elementor-column elementor-col-50 elementor-top-column elementor-element elementor-element-f7cbc16\" data-id=\"f7cbc16\" data-element_type=\"column\" data-e-type=\"column\">\n\t\t\t<div class=\"elementor-widget-wrap elementor-element-populated\">\n\t\t\t\t\t\t<div class=\"elementor-element elementor-element-8d74738 elementor-widget elementor-widget-image\" data-id=\"8d74738\" data-element_type=\"widget\" data-e-type=\"widget\" data-widget_type=\"image.default\">\n\t\t\t\t<div class=\"elementor-widget-container\">\n\t\t\t\t\t\t\t\t\t\t\t\t<figure class=\"wp-caption\">\n\t\t\t\t\t\t\t\t\t\t<img loading=\"lazy\" decoding=\"async\" width=\"716\" height=\"926\" src=\"https:\/\/ospoljcane.si\/nova\/wp-content\/uploads\/2026\/04\/ekipni-kros-6-razred.jpg\" class=\"attachment-large size-large wp-image-24905\" alt=\"\" srcset=\"https:\/\/ospoljcane.si\/nova\/wp-content\/uploads\/2026\/04\/ekipni-kros-6-razred.jpg 716w, https:\/\/ospoljcane.si\/nova\/wp-content\/uploads\/2026\/04\/ekipni-kros-6-razred-232x300.jpg 232w, https:\/\/ospoljcane.si\/nova\/wp-content\/uploads\/2026\/04\/ekipni-kros-6-razred-46x60.jpg 46w\" sizes=\"(max-width: 716px) 100vw, 716px\" \/>\t\t\t\t\t\t\t\t\t\t\t<figcaption class=\"widget-image-caption wp-caption-text\">6. razred, deklice z leve: Ne\u017ea Klinc, Tijana Jelov\u0161ek, Nika Kralj. De\u010dki z leve: Mauro Hrastnik, Liam Brglez, Amadej \u017donta, Jure Berk.<\/figcaption>\n\t\t\t\t\t\t\t\t\t\t<\/figure>\n\t\t\t\t\t\t\t\t\t<\/div>\n\t\t\t\t<\/div>\n\t\t\t\t\t<\/div>\n\t\t<\/div>\n\t\t\t\t<div class=\"elementor-column elementor-col-50 elementor-top-column elementor-element elementor-element-52824b6\" data-id=\"52824b6\" data-element_type=\"column\" data-e-type=\"column\">\n\t\t\t<div class=\"elementor-widget-wrap elementor-element-populated\">\n\t\t\t\t\t\t<div class=\"elementor-element elementor-element-74b3084 elementor-widget elementor-widget-image\" data-id=\"74b3084\" data-element_type=\"widget\" data-e-type=\"widget\" data-widget_type=\"image.default\">\n\t\t\t\t<div class=\"elementor-widget-container\">\n\t\t\t\t\t\t\t\t\t\t\t\t<figure class=\"wp-caption\">\n\t\t\t\t\t\t\t\t\t\t<img loading=\"lazy\" decoding=\"async\" width=\"724\" height=\"921\" src=\"https:\/\/ospoljcane.si\/nova\/wp-content\/uploads\/2026\/04\/ekipni-kros-7-razred.jpg\" class=\"attachment-large size-large wp-image-24904\" alt=\"\" srcset=\"https:\/\/ospoljcane.si\/nova\/wp-content\/uploads\/2026\/04\/ekipni-kros-7-razred.jpg 724w, https:\/\/ospoljcane.si\/nova\/wp-content\/uploads\/2026\/04\/ekipni-kros-7-razred-236x300.jpg 236w, https:\/\/ospoljcane.si\/nova\/wp-content\/uploads\/2026\/04\/ekipni-kros-7-razred-47x60.jpg 47w\" sizes=\"(max-width: 724px) 100vw, 724px\" \/>\t\t\t\t\t\t\t\t\t\t\t<figcaption class=\"widget-image-caption wp-caption-text\">7. razred, deklici z leve: Antonija Ukman, Ajda Vehovar. De\u010dki z leve: Tayl Rak, Ga\u0161per Mr\u0161i\u0107, Jakob Iuso.<\/figcaption>\n\t\t\t\t\t\t\t\t\t\t<\/figure>\n\t\t\t\t\t\t\t\t\t<\/div>\n\t\t\t\t<\/div>\n\t\t\t\t\t<\/div>\n\t\t<\/div>\n\t\t\t\t\t<\/div>\n\t\t<\/section>\n\t\t\t\t<section class=\"elementor-section elementor-top-section elementor-element elementor-element-81c327f elementor-section-boxed elementor-section-height-default elementor-section-height-default\" data-id=\"81c327f\" data-element_type=\"section\" data-e-type=\"section\">\n\t\t\t\t\t\t<div class=\"elementor-container elementor-column-gap-default\">\n\t\t\t\t\t<div class=\"elementor-column elementor-col-50 elementor-top-column elementor-element elementor-element-cf7e83c\" data-id=\"cf7e83c\" data-element_type=\"column\" data-e-type=\"column\">\n\t\t\t<div class=\"elementor-widget-wrap elementor-element-populated\">\n\t\t\t\t\t\t<div class=\"elementor-element elementor-element-2d9eff8 elementor-widget elementor-widget-image\" data-id=\"2d9eff8\" data-element_type=\"widget\" data-e-type=\"widget\" data-widget_type=\"image.default\">\n\t\t\t\t<div class=\"elementor-widget-container\">\n\t\t\t\t\t\t\t\t\t\t\t\t<figure class=\"wp-caption\">\n\t\t\t\t\t\t\t\t\t\t<img loading=\"lazy\" decoding=\"async\" width=\"696\" height=\"951\" src=\"https:\/\/ospoljcane.si\/nova\/wp-content\/uploads\/2026\/04\/ekipni-kros-8-razred.jpg\" class=\"attachment-large size-large wp-image-24907\" alt=\"\" srcset=\"https:\/\/ospoljcane.si\/nova\/wp-content\/uploads\/2026\/04\/ekipni-kros-8-razred.jpg 696w, https:\/\/ospoljcane.si\/nova\/wp-content\/uploads\/2026\/04\/ekipni-kros-8-razred-220x300.jpg 220w, https:\/\/ospoljcane.si\/nova\/wp-content\/uploads\/2026\/04\/ekipni-kros-8-razred-44x60.jpg 44w\" sizes=\"(max-width: 696px) 100vw, 696px\" \/>\t\t\t\t\t\t\t\t\t\t\t<figcaption class=\"widget-image-caption wp-caption-text\">8. razred, deklice z leve: Bina Turin, Ana Vidovi\u010d, Ajda Marzidov\u0161ek. De\u010dki z leve: Rene Kodri\u010d, Izak Rupnik, Iker Ko\u0161ir<\/figcaption>\n\t\t\t\t\t\t\t\t\t\t<\/figure>\n\t\t\t\t\t\t\t\t\t<\/div>\n\t\t\t\t<\/div>\n\t\t\t\t\t<\/div>\n\t\t<\/div>\n\t\t\t\t<div class=\"elementor-column elementor-col-50 elementor-top-column elementor-element elementor-element-29a6033\" data-id=\"29a6033\" data-element_type=\"column\" data-e-type=\"column\">\n\t\t\t<div class=\"elementor-widget-wrap elementor-element-populated\">\n\t\t\t\t\t\t<div class=\"elementor-element elementor-element-89e737e elementor-widget elementor-widget-image\" data-id=\"89e737e\" data-element_type=\"widget\" data-e-type=\"widget\" data-widget_type=\"image.default\">\n\t\t\t\t<div class=\"elementor-widget-container\">\n\t\t\t\t\t\t\t\t\t\t\t\t<figure class=\"wp-caption\">\n\t\t\t\t\t\t\t\t\t\t<img loading=\"lazy\" decoding=\"async\" width=\"655\" height=\"958\" src=\"https:\/\/ospoljcane.si\/nova\/wp-content\/uploads\/2026\/04\/ekipni-kros-9-razred.jpg\" class=\"attachment-large size-large wp-image-24906\" alt=\"\" srcset=\"https:\/\/ospoljcane.si\/nova\/wp-content\/uploads\/2026\/04\/ekipni-kros-9-razred.jpg 655w, https:\/\/ospoljcane.si\/nova\/wp-content\/uploads\/2026\/04\/ekipni-kros-9-razred-205x300.jpg 205w, https:\/\/ospoljcane.si\/nova\/wp-content\/uploads\/2026\/04\/ekipni-kros-9-razred-41x60.jpg 41w\" sizes=\"(max-width: 655px) 100vw, 655px\" \/>\t\t\t\t\t\t\t\t\t\t\t<figcaption class=\"widget-image-caption wp-caption-text\">9. razred, deklici z leve: Danaja \u017duna, Eva Lorber. De\u010dki z leve: Patrik Valand, Jan \u0160ega.<\/figcaption>\n\t\t\t\t\t\t\t\t\t\t<\/figure>\n\t\t\t\t\t\t\t\t\t<\/div>\n\t\t\t\t<\/div>\n\t\t\t\t\t<\/div>\n\t\t<\/div>\n\t\t\t\t\t<\/div>\n\t\t<\/section>\n\t\t\t\t<\/div>\n\t\t","protected":false},"excerpt":{"rendered":"<p>Tudi leto\u0161nji dr\u017eavnega \u0161olskega ekipnega krosa je potekal ob paviljonu Expano ob Sobo\u0161kem jezeru pri Murski Soboti, kot \u017ee nekaj preteklih let. Udele\u017eili smo se &hellip; <\/p>\n","protected":false},"author":6,"featured_media":24901,"comment_status":"closed","ping_status":"open","sticky":false,"template":"","format":"standard","meta":{"footnotes":""},"categories":[70],"tags":[],"class_list":["post-24900","post","type-post","status-publish","format-standard","has-post-thumbnail","hentry","category-dogodki-2025-2026","image-hover-transition-effect","latest_post"],"yoast_head":"<!-- This site is optimized with the Yoast SEO plugin v27.4 - https:\/\/yoast.com\/product\/yoast-seo-wordpress\/ -->\n<title>\u0160olski ekipni kros - Osnovna \u0161ola Kajetana Kovi\u010da Polj\u010dane<\/title>\n<meta name=\"robots\" content=\"index, follow, max-snippet:-1, max-image-preview:large, max-video-preview:-1\" \/>\n<link rel=\"canonical\" href=\"https:\/\/ospoljcane.si\/nova\/2026\/04\/17\/solski-ekipni-kros-4\/\" \/>\n<meta property=\"og:locale\" content=\"sl_SI\" \/>\n<meta property=\"og:type\" content=\"article\" \/>\n<meta property=\"og:title\" content=\"\u0160olski ekipni kros - Osnovna \u0161ola Kajetana Kovi\u010da Polj\u010dane\" \/>\n<meta property=\"og:description\" content=\"Tudi leto\u0161nji dr\u017eavnega \u0161olskega ekipnega krosa je potekal ob paviljonu Expano ob Sobo\u0161kem jezeru pri Murski Soboti, kot \u017ee nekaj preteklih let. Udele\u017eili smo se &hellip;\" \/>\n<meta property=\"og:url\" content=\"https:\/\/ospoljcane.si\/nova\/2026\/04\/17\/solski-ekipni-kros-4\/\" \/>\n<meta property=\"og:site_name\" content=\"Osnovna \u0161ola Kajetana Kovi\u010da Polj\u010dane\" \/>\n<meta property=\"article:published_time\" content=\"2026-04-17T10:23:32+00:00\" \/>\n<meta property=\"article:modified_time\" content=\"2026-04-17T10:32:06+00:00\" \/>\n<meta property=\"og:image\" content=\"https:\/\/ospoljcane.si\/nova\/wp-content\/uploads\/2026\/04\/ekipni-kros-ekipa-sole.jpg\" \/>\n\t<meta property=\"og:image:width\" content=\"1501\" \/>\n\t<meta property=\"og:image:height\" content=\"899\" \/>\n\t<meta property=\"og:image:type\" content=\"image\/jpeg\" \/>\n<meta name=\"author\" content=\"Kristina Jelnikar\" \/>\n<meta name=\"twitter:card\" content=\"summary_large_image\" \/>\n<meta name=\"twitter:label1\" content=\"Written by\" \/>\n\t<meta name=\"twitter:data1\" content=\"Kristina Jelnikar\" \/>\n\t<meta name=\"twitter:label2\" content=\"Est. reading time\" \/>\n\t<meta name=\"twitter:data2\" content=\"5 minut\" \/>\n<script type=\"application\/ld+json\" class=\"yoast-schema-graph\">{\"@context\":\"https:\\\/\\\/schema.org\",\"@graph\":[{\"@type\":\"Article\",\"@id\":\"https:\\\/\\\/ospoljcane.si\\\/nova\\\/2026\\\/04\\\/17\\\/solski-ekipni-kros-4\\\/#article\",\"isPartOf\":{\"@id\":\"https:\\\/\\\/ospoljcane.si\\\/nova\\\/2026\\\/04\\\/17\\\/solski-ekipni-kros-4\\\/\"},\"author\":{\"name\":\"Kristina Jelnikar\",\"@id\":\"https:\\\/\\\/ospoljcane.si\\\/nova\\\/#\\\/schema\\\/person\\\/61d0b5b5fa1c1ce678c7d6f924be03ac\"},\"headline\":\"\u0160olski ekipni kros\",\"datePublished\":\"2026-04-17T10:23:32+00:00\",\"dateModified\":\"2026-04-17T10:32:06+00:00\",\"mainEntityOfPage\":{\"@id\":\"https:\\\/\\\/ospoljcane.si\\\/nova\\\/2026\\\/04\\\/17\\\/solski-ekipni-kros-4\\\/\"},\"wordCount\":518,\"publisher\":{\"@id\":\"https:\\\/\\\/ospoljcane.si\\\/nova\\\/#organization\"},\"image\":{\"@id\":\"https:\\\/\\\/ospoljcane.si\\\/nova\\\/2026\\\/04\\\/17\\\/solski-ekipni-kros-4\\\/#primaryimage\"},\"thumbnailUrl\":\"https:\\\/\\\/ospoljcane.si\\\/nova\\\/wp-content\\\/uploads\\\/2026\\\/04\\\/ekipni-kros-ekipa-sole.jpg\",\"articleSection\":[\"Dogodki 2025\\\/2026\"],\"inLanguage\":\"sl-SI\"},{\"@type\":\"WebPage\",\"@id\":\"https:\\\/\\\/ospoljcane.si\\\/nova\\\/2026\\\/04\\\/17\\\/solski-ekipni-kros-4\\\/\",\"url\":\"https:\\\/\\\/ospoljcane.si\\\/nova\\\/2026\\\/04\\\/17\\\/solski-ekipni-kros-4\\\/\",\"name\":\"\u0160olski ekipni kros - Osnovna \u0161ola Kajetana Kovi\u010da Polj\u010dane\",\"isPartOf\":{\"@id\":\"https:\\\/\\\/ospoljcane.si\\\/nova\\\/#website\"},\"primaryImageOfPage\":{\"@id\":\"https:\\\/\\\/ospoljcane.si\\\/nova\\\/2026\\\/04\\\/17\\\/solski-ekipni-kros-4\\\/#primaryimage\"},\"image\":{\"@id\":\"https:\\\/\\\/ospoljcane.si\\\/nova\\\/2026\\\/04\\\/17\\\/solski-ekipni-kros-4\\\/#primaryimage\"},\"thumbnailUrl\":\"https:\\\/\\\/ospoljcane.si\\\/nova\\\/wp-content\\\/uploads\\\/2026\\\/04\\\/ekipni-kros-ekipa-sole.jpg\",\"datePublished\":\"2026-04-17T10:23:32+00:00\",\"dateModified\":\"2026-04-17T10:32:06+00:00\",\"breadcrumb\":{\"@id\":\"https:\\\/\\\/ospoljcane.si\\\/nova\\\/2026\\\/04\\\/17\\\/solski-ekipni-kros-4\\\/#breadcrumb\"},\"inLanguage\":\"sl-SI\",\"potentialAction\":[{\"@type\":\"ReadAction\",\"target\":[\"https:\\\/\\\/ospoljcane.si\\\/nova\\\/2026\\\/04\\\/17\\\/solski-ekipni-kros-4\\\/\"]}]},{\"@type\":\"ImageObject\",\"inLanguage\":\"sl-SI\",\"@id\":\"https:\\\/\\\/ospoljcane.si\\\/nova\\\/2026\\\/04\\\/17\\\/solski-ekipni-kros-4\\\/#primaryimage\",\"url\":\"https:\\\/\\\/ospoljcane.si\\\/nova\\\/wp-content\\\/uploads\\\/2026\\\/04\\\/ekipni-kros-ekipa-sole.jpg\",\"contentUrl\":\"https:\\\/\\\/ospoljcane.si\\\/nova\\\/wp-content\\\/uploads\\\/2026\\\/04\\\/ekipni-kros-ekipa-sole.jpg\",\"width\":1501,\"height\":899},{\"@type\":\"BreadcrumbList\",\"@id\":\"https:\\\/\\\/ospoljcane.si\\\/nova\\\/2026\\\/04\\\/17\\\/solski-ekipni-kros-4\\\/#breadcrumb\",\"itemListElement\":[{\"@type\":\"ListItem\",\"position\":1,\"name\":\"Domov\",\"item\":\"https:\\\/\\\/ospoljcane.si\\\/nova\\\/\"},{\"@type\":\"ListItem\",\"position\":2,\"name\":\"\u0160olski ekipni kros\"}]},{\"@type\":\"WebSite\",\"@id\":\"https:\\\/\\\/ospoljcane.si\\\/nova\\\/#website\",\"url\":\"https:\\\/\\\/ospoljcane.si\\\/nova\\\/\",\"name\":\"Osnovna \u0161ola Kajetana Kovi\u010da Polj\u010dane\",\"description\":\"\",\"publisher\":{\"@id\":\"https:\\\/\\\/ospoljcane.si\\\/nova\\\/#organization\"},\"potentialAction\":[{\"@type\":\"SearchAction\",\"target\":{\"@type\":\"EntryPoint\",\"urlTemplate\":\"https:\\\/\\\/ospoljcane.si\\\/nova\\\/?s={search_term_string}\"},\"query-input\":{\"@type\":\"PropertyValueSpecification\",\"valueRequired\":true,\"valueName\":\"search_term_string\"}}],\"inLanguage\":\"sl-SI\"},{\"@type\":\"Organization\",\"@id\":\"https:\\\/\\\/ospoljcane.si\\\/nova\\\/#organization\",\"name\":\"Osnovna \u0161ola Kajetana Kovi\u010da Polj\u010dane\",\"url\":\"https:\\\/\\\/ospoljcane.si\\\/nova\\\/\",\"logo\":{\"@type\":\"ImageObject\",\"inLanguage\":\"sl-SI\",\"@id\":\"https:\\\/\\\/ospoljcane.si\\\/nova\\\/#\\\/schema\\\/logo\\\/image\\\/\",\"url\":\"https:\\\/\\\/ospoljcane.si\\\/nova\\\/wp-content\\\/uploads\\\/2020\\\/12\\\/cropped-cropped-Logotip-sole-2016_3G-1-1.png\",\"contentUrl\":\"https:\\\/\\\/ospoljcane.si\\\/nova\\\/wp-content\\\/uploads\\\/2020\\\/12\\\/cropped-cropped-Logotip-sole-2016_3G-1-1.png\",\"width\":512,\"height\":512,\"caption\":\"Osnovna \u0161ola Kajetana Kovi\u010da Polj\u010dane\"},\"image\":{\"@id\":\"https:\\\/\\\/ospoljcane.si\\\/nova\\\/#\\\/schema\\\/logo\\\/image\\\/\"}},{\"@type\":\"Person\",\"@id\":\"https:\\\/\\\/ospoljcane.si\\\/nova\\\/#\\\/schema\\\/person\\\/61d0b5b5fa1c1ce678c7d6f924be03ac\",\"name\":\"Kristina Jelnikar\",\"image\":{\"@type\":\"ImageObject\",\"inLanguage\":\"sl-SI\",\"@id\":\"https:\\\/\\\/secure.gravatar.com\\\/avatar\\\/c632a1c6db7d91ea08506862c2dfdb97cd95f38db54a148ddfe87d9c32e3420d?s=96&d=mm&r=g\",\"url\":\"https:\\\/\\\/secure.gravatar.com\\\/avatar\\\/c632a1c6db7d91ea08506862c2dfdb97cd95f38db54a148ddfe87d9c32e3420d?s=96&d=mm&r=g\",\"contentUrl\":\"https:\\\/\\\/secure.gravatar.com\\\/avatar\\\/c632a1c6db7d91ea08506862c2dfdb97cd95f38db54a148ddfe87d9c32e3420d?s=96&d=mm&r=g\",\"caption\":\"Kristina Jelnikar\"},\"url\":\"https:\\\/\\\/ospoljcane.si\\\/nova\\\/author\\\/kristina\\\/\"}]}<\/script>\n<!-- \/ Yoast SEO plugin. -->","yoast_head_json":{"title":"\u0160olski ekipni kros - Osnovna \u0161ola Kajetana Kovi\u010da Polj\u010dane","robots":{"index":"index","follow":"follow","max-snippet":"max-snippet:-1","max-image-preview":"max-image-preview:large","max-video-preview":"max-video-preview:-1"},"canonical":"https:\/\/ospoljcane.si\/nova\/2026\/04\/17\/solski-ekipni-kros-4\/","og_locale":"sl_SI","og_type":"article","og_title":"\u0160olski ekipni kros - Osnovna \u0161ola Kajetana Kovi\u010da Polj\u010dane","og_description":"Tudi leto\u0161nji dr\u017eavnega \u0161olskega ekipnega krosa je potekal ob paviljonu Expano ob Sobo\u0161kem jezeru pri Murski Soboti, kot \u017ee nekaj preteklih let. Udele\u017eili smo se &hellip;","og_url":"https:\/\/ospoljcane.si\/nova\/2026\/04\/17\/solski-ekipni-kros-4\/","og_site_name":"Osnovna \u0161ola Kajetana Kovi\u010da Polj\u010dane","article_published_time":"2026-04-17T10:23:32+00:00","article_modified_time":"2026-04-17T10:32:06+00:00","og_image":[{"width":1501,"height":899,"url":"https:\/\/ospoljcane.si\/nova\/wp-content\/uploads\/2026\/04\/ekipni-kros-ekipa-sole.jpg","type":"image\/jpeg"}],"author":"Kristina Jelnikar","twitter_card":"summary_large_image","twitter_misc":{"Written by":"Kristina Jelnikar","Est. reading time":"5 minut"},"schema":{"@context":"https:\/\/schema.org","@graph":[{"@type":"Article","@id":"https:\/\/ospoljcane.si\/nova\/2026\/04\/17\/solski-ekipni-kros-4\/#article","isPartOf":{"@id":"https:\/\/ospoljcane.si\/nova\/2026\/04\/17\/solski-ekipni-kros-4\/"},"author":{"name":"Kristina Jelnikar","@id":"https:\/\/ospoljcane.si\/nova\/#\/schema\/person\/61d0b5b5fa1c1ce678c7d6f924be03ac"},"headline":"\u0160olski ekipni kros","datePublished":"2026-04-17T10:23:32+00:00","dateModified":"2026-04-17T10:32:06+00:00","mainEntityOfPage":{"@id":"https:\/\/ospoljcane.si\/nova\/2026\/04\/17\/solski-ekipni-kros-4\/"},"wordCount":518,"publisher":{"@id":"https:\/\/ospoljcane.si\/nova\/#organization"},"image":{"@id":"https:\/\/ospoljcane.si\/nova\/2026\/04\/17\/solski-ekipni-kros-4\/#primaryimage"},"thumbnailUrl":"https:\/\/ospoljcane.si\/nova\/wp-content\/uploads\/2026\/04\/ekipni-kros-ekipa-sole.jpg","articleSection":["Dogodki 2025\/2026"],"inLanguage":"sl-SI"},{"@type":"WebPage","@id":"https:\/\/ospoljcane.si\/nova\/2026\/04\/17\/solski-ekipni-kros-4\/","url":"https:\/\/ospoljcane.si\/nova\/2026\/04\/17\/solski-ekipni-kros-4\/","name":"\u0160olski ekipni kros - Osnovna \u0161ola Kajetana Kovi\u010da Polj\u010dane","isPartOf":{"@id":"https:\/\/ospoljcane.si\/nova\/#website"},"primaryImageOfPage":{"@id":"https:\/\/ospoljcane.si\/nova\/2026\/04\/17\/solski-ekipni-kros-4\/#primaryimage"},"image":{"@id":"https:\/\/ospoljcane.si\/nova\/2026\/04\/17\/solski-ekipni-kros-4\/#primaryimage"},"thumbnailUrl":"https:\/\/ospoljcane.si\/nova\/wp-content\/uploads\/2026\/04\/ekipni-kros-ekipa-sole.jpg","datePublished":"2026-04-17T10:23:32+00:00","dateModified":"2026-04-17T10:32:06+00:00","breadcrumb":{"@id":"https:\/\/ospoljcane.si\/nova\/2026\/04\/17\/solski-ekipni-kros-4\/#breadcrumb"},"inLanguage":"sl-SI","potentialAction":[{"@type":"ReadAction","target":["https:\/\/ospoljcane.si\/nova\/2026\/04\/17\/solski-ekipni-kros-4\/"]}]},{"@type":"ImageObject","inLanguage":"sl-SI","@id":"https:\/\/ospoljcane.si\/nova\/2026\/04\/17\/solski-ekipni-kros-4\/#primaryimage","url":"https:\/\/ospoljcane.si\/nova\/wp-content\/uploads\/2026\/04\/ekipni-kros-ekipa-sole.jpg","contentUrl":"https:\/\/ospoljcane.si\/nova\/wp-content\/uploads\/2026\/04\/ekipni-kros-ekipa-sole.jpg","width":1501,"height":899},{"@type":"BreadcrumbList","@id":"https:\/\/ospoljcane.si\/nova\/2026\/04\/17\/solski-ekipni-kros-4\/#breadcrumb","itemListElement":[{"@type":"ListItem","position":1,"name":"Domov","item":"https:\/\/ospoljcane.si\/nova\/"},{"@type":"ListItem","position":2,"name":"\u0160olski ekipni kros"}]},{"@type":"WebSite","@id":"https:\/\/ospoljcane.si\/nova\/#website","url":"https:\/\/ospoljcane.si\/nova\/","name":"Osnovna \u0161ola Kajetana Kovi\u010da Polj\u010dane","description":"","publisher":{"@id":"https:\/\/ospoljcane.si\/nova\/#organization"},"potentialAction":[{"@type":"SearchAction","target":{"@type":"EntryPoint","urlTemplate":"https:\/\/ospoljcane.si\/nova\/?s={search_term_string}"},"query-input":{"@type":"PropertyValueSpecification","valueRequired":true,"valueName":"search_term_string"}}],"inLanguage":"sl-SI"},{"@type":"Organization","@id":"https:\/\/ospoljcane.si\/nova\/#organization","name":"Osnovna \u0161ola Kajetana Kovi\u010da Polj\u010dane","url":"https:\/\/ospoljcane.si\/nova\/","logo":{"@type":"ImageObject","inLanguage":"sl-SI","@id":"https:\/\/ospoljcane.si\/nova\/#\/schema\/logo\/image\/","url":"https:\/\/ospoljcane.si\/nova\/wp-content\/uploads\/2020\/12\/cropped-cropped-Logotip-sole-2016_3G-1-1.png","contentUrl":"https:\/\/ospoljcane.si\/nova\/wp-content\/uploads\/2020\/12\/cropped-cropped-Logotip-sole-2016_3G-1-1.png","width":512,"height":512,"caption":"Osnovna \u0161ola Kajetana Kovi\u010da Polj\u010dane"},"image":{"@id":"https:\/\/ospoljcane.si\/nova\/#\/schema\/logo\/image\/"}},{"@type":"Person","@id":"https:\/\/ospoljcane.si\/nova\/#\/schema\/person\/61d0b5b5fa1c1ce678c7d6f924be03ac","name":"Kristina Jelnikar","image":{"@type":"ImageObject","inLanguage":"sl-SI","@id":"https:\/\/secure.gravatar.com\/avatar\/c632a1c6db7d91ea08506862c2dfdb97cd95f38db54a148ddfe87d9c32e3420d?s=96&d=mm&r=g","url":"https:\/\/secure.gravatar.com\/avatar\/c632a1c6db7d91ea08506862c2dfdb97cd95f38db54a148ddfe87d9c32e3420d?s=96&d=mm&r=g","contentUrl":"https:\/\/secure.gravatar.com\/avatar\/c632a1c6db7d91ea08506862c2dfdb97cd95f38db54a148ddfe87d9c32e3420d?s=96&d=mm&r=g","caption":"Kristina Jelnikar"},"url":"https:\/\/ospoljcane.si\/nova\/author\/kristina\/"}]}},"_links":{"self":[{"href":"https:\/\/ospoljcane.si\/nova\/wp-json\/wp\/v2\/posts\/24900","targetHints":{"allow":["GET"]}}],"collection":[{"href":"https:\/\/ospoljcane.si\/nova\/wp-json\/wp\/v2\/posts"}],"about":[{"href":"https:\/\/ospoljcane.si\/nova\/wp-json\/wp\/v2\/types\/post"}],"author":[{"embeddable":true,"href":"https:\/\/ospoljcane.si\/nova\/wp-json\/wp\/v2\/users\/6"}],"replies":[{"embeddable":true,"href":"https:\/\/ospoljcane.si\/nova\/wp-json\/wp\/v2\/comments?post=24900"}],"version-history":[{"count":4,"href":"https:\/\/ospoljcane.si\/nova\/wp-json\/wp\/v2\/posts\/24900\/revisions"}],"predecessor-version":[{"id":24911,"href":"https:\/\/ospoljcane.si\/nova\/wp-json\/wp\/v2\/posts\/24900\/revisions\/24911"}],"wp:featuredmedia":[{"embeddable":true,"href":"https:\/\/ospoljcane.si\/nova\/wp-json\/wp\/v2\/media\/24901"}],"wp:attachment":[{"href":"https:\/\/ospoljcane.si\/nova\/wp-json\/wp\/v2\/media?parent=24900"}],"wp:term":[{"taxonomy":"category","embeddable":true,"href":"https:\/\/ospoljcane.si\/nova\/wp-json\/wp\/v2\/categories?post=24900"},{"taxonomy":"post_tag","embeddable":true,"href":"https:\/\/ospoljcane.si\/nova\/wp-json\/wp\/v2\/tags?post=24900"}],"curies":[{"name":"wp","href":"https:\/\/api.w.org\/{rel}","templated":true}]}}