{"id":24789,"date":"2026-04-17T08:36:55","date_gmt":"2026-04-17T06:36:55","guid":{"rendered":"https:\/\/ospoljcane.si\/nova\/?p=24789"},"modified":"2026-04-17T09:45:22","modified_gmt":"2026-04-17T07:45:22","slug":"ultimate-frizbi-medobcinsko-14-4-2026","status":"publish","type":"post","link":"https:\/\/ospoljcane.si\/nova\/2026\/04\/17\/ultimate-frizbi-medobcinsko-14-4-2026\/","title":{"rendered":"Ultimate frizbi, medob\u010dinsko, 14. 4. 2026"},"content":{"rendered":"\t\t<div data-elementor-type=\"wp-post\" data-elementor-id=\"24789\" class=\"elementor elementor-24789\" data-elementor-post-type=\"post\">\n\t\t\t\t\t\t<section class=\"elementor-section elementor-top-section elementor-element elementor-element-ecce0f2 elementor-section-boxed elementor-section-height-default elementor-section-height-default\" data-id=\"ecce0f2\" data-element_type=\"section\" data-e-type=\"section\">\n\t\t\t\t\t\t<div class=\"elementor-container elementor-column-gap-default\">\n\t\t\t\t\t<div class=\"elementor-column elementor-col-100 elementor-top-column elementor-element elementor-element-fa604ba\" data-id=\"fa604ba\" data-element_type=\"column\" data-e-type=\"column\">\n\t\t\t<div class=\"elementor-widget-wrap elementor-element-populated\">\n\t\t\t\t\t\t<div class=\"elementor-element elementor-element-1912307 elementor-widget elementor-widget-text-editor\" data-id=\"1912307\" data-element_type=\"widget\" data-e-type=\"widget\" data-widget_type=\"text-editor.default\">\n\t\t\t\t<div class=\"elementor-widget-container\">\n\t\t\t\t\t\t\t\t\t<p>Tudi letos smo se udele\u017eili medob\u010dinskega tekmovanja v ultimate frizbi. Tekmovanje je potekalo na velikem nogometnem igri\u0161\u010du z umetno travo v Slovenski Bistrici. Tekmovanje potekalo v \u0161tirih kategorijah, po razredih, od \u0161estega do devetega razreda. V vsaki kategoriji smo imeli eno ekipo. \u017deleli bi ve\u010d ekip drugih \u0161ol, da bi lahko igrali s svojimi vrstniki, tako pa so organizatorji zaradi manj\u0161ega \u0161tevila zdru\u017eili kategorije. Tako so medsebojno igrali \u0161esto in sedmo\u0161olci ter osmo in deveto\u0161olci. Nagrade so potem podelili lo\u010deno, po razredih. Kljub temu so bile tekme zelo lepe in izena\u010dene, nastopajo\u010di pa zadovoljni. Osvojili smo odli\u010dne rezultate: ekipa \u0161estega razreda je osvojila 2. mesto, ekipa sedmega razreda 1. mesto, ekipa osmega razreda 1. mesto in ekipa devetega razreda 1. mesto.<\/p><p>Razglasili so \u0161e najbolj\u0161e posameznike po oceni sodnikov iz lokalnega kluba. To so bili Ne\u017ea Klinc in Liam Brglez med mlaj\u0161imi u\u010denci ter Gregor Kro\u0161el med starej\u0161imi u\u010denci.\u00a0<\/p>\t\t\t\t\t\t\t\t<\/div>\n\t\t\t\t<\/div>\n\t\t\t\t\t<\/div>\n\t\t<\/div>\n\t\t\t\t\t<\/div>\n\t\t<\/section>\n\t\t\t\t<section class=\"elementor-section elementor-top-section elementor-element elementor-element-3ab74d2 elementor-section-boxed elementor-section-height-default elementor-section-height-default\" data-id=\"3ab74d2\" data-element_type=\"section\" data-e-type=\"section\">\n\t\t\t\t\t\t<div class=\"elementor-container elementor-column-gap-default\">\n\t\t\t\t\t<div class=\"elementor-column elementor-col-50 elementor-top-column elementor-element elementor-element-b72ace3\" data-id=\"b72ace3\" data-element_type=\"column\" data-e-type=\"column\">\n\t\t\t<div class=\"elementor-widget-wrap elementor-element-populated\">\n\t\t\t\t\t\t<div class=\"elementor-element elementor-element-a570850 elementor-widget elementor-widget-image\" data-id=\"a570850\" data-element_type=\"widget\" data-e-type=\"widget\" data-widget_type=\"image.default\">\n\t\t\t\t<div class=\"elementor-widget-container\">\n\t\t\t\t\t\t\t\t\t\t\t\t<figure class=\"wp-caption\">\n\t\t\t\t\t\t\t\t\t\t<img fetchpriority=\"high\" decoding=\"async\" width=\"475\" height=\"603\" src=\"https:\/\/ospoljcane.si\/nova\/wp-content\/uploads\/2026\/04\/UF-2mesto-6razred.jpg\" class=\"attachment-large size-large wp-image-24791\" alt=\"\" srcset=\"https:\/\/ospoljcane.si\/nova\/wp-content\/uploads\/2026\/04\/UF-2mesto-6razred.jpg 475w, https:\/\/ospoljcane.si\/nova\/wp-content\/uploads\/2026\/04\/UF-2mesto-6razred-236x300.jpg 236w, https:\/\/ospoljcane.si\/nova\/wp-content\/uploads\/2026\/04\/UF-2mesto-6razred-47x60.jpg 47w\" sizes=\"(max-width: 475px) 100vw, 475px\" \/>\t\t\t\t\t\t\t\t\t\t\t<figcaption class=\"widget-image-caption wp-caption-text\">2. mesto, 6. razred, deklice z leve: Nika Kralj, Tijana Jelov\u0161ek, Ne\u017ea Klinc. De\u010dki z leve: Liam Brglez, Alja\u017e Ma\u010dek, Benjamin Stojan, Leon Vrhovec.<\/figcaption>\n\t\t\t\t\t\t\t\t\t\t<\/figure>\n\t\t\t\t\t\t\t\t\t<\/div>\n\t\t\t\t<\/div>\n\t\t\t\t\t<\/div>\n\t\t<\/div>\n\t\t\t\t<div class=\"elementor-column elementor-col-50 elementor-top-column elementor-element elementor-element-be095bb\" data-id=\"be095bb\" data-element_type=\"column\" data-e-type=\"column\">\n\t\t\t<div class=\"elementor-widget-wrap elementor-element-populated\">\n\t\t\t\t\t\t<div class=\"elementor-element elementor-element-12283c7 elementor-widget elementor-widget-image\" data-id=\"12283c7\" data-element_type=\"widget\" data-e-type=\"widget\" data-widget_type=\"image.default\">\n\t\t\t\t<div class=\"elementor-widget-container\">\n\t\t\t\t\t\t\t\t\t\t\t\t<figure class=\"wp-caption\">\n\t\t\t\t\t\t\t\t\t\t<img decoding=\"async\" width=\"528\" height=\"614\" src=\"https:\/\/ospoljcane.si\/nova\/wp-content\/uploads\/2026\/04\/UF-1-mesto-7-razred.jpg\" class=\"attachment-large size-large wp-image-24790\" alt=\"\" srcset=\"https:\/\/ospoljcane.si\/nova\/wp-content\/uploads\/2026\/04\/UF-1-mesto-7-razred.jpg 528w, https:\/\/ospoljcane.si\/nova\/wp-content\/uploads\/2026\/04\/UF-1-mesto-7-razred-258x300.jpg 258w, https:\/\/ospoljcane.si\/nova\/wp-content\/uploads\/2026\/04\/UF-1-mesto-7-razred-52x60.jpg 52w\" sizes=\"(max-width: 528px) 100vw, 528px\" \/>\t\t\t\t\t\t\t\t\t\t\t<figcaption class=\"widget-image-caption wp-caption-text\">1. mesto 7. razred, de\u010dki z leve: Tayl Rak, Jakob Obreht, Patrik Macuh (\u0161esto\u0161olec). Deklice z leve: Emilija Baji\u0107, Lili Turin, Ajda Vehovar.<\/figcaption>\n\t\t\t\t\t\t\t\t\t\t<\/figure>\n\t\t\t\t\t\t\t\t\t<\/div>\n\t\t\t\t<\/div>\n\t\t\t\t\t<\/div>\n\t\t<\/div>\n\t\t\t\t\t<\/div>\n\t\t<\/section>\n\t\t\t\t<section class=\"elementor-section elementor-top-section elementor-element elementor-element-d26224c elementor-section-boxed elementor-section-height-default elementor-section-height-default\" data-id=\"d26224c\" data-element_type=\"section\" data-e-type=\"section\">\n\t\t\t\t\t\t<div class=\"elementor-container elementor-column-gap-default\">\n\t\t\t\t\t<div class=\"elementor-column elementor-col-50 elementor-top-column elementor-element elementor-element-b16f589\" data-id=\"b16f589\" data-element_type=\"column\" data-e-type=\"column\">\n\t\t\t<div class=\"elementor-widget-wrap elementor-element-populated\">\n\t\t\t\t\t\t<div class=\"elementor-element elementor-element-d2cbae1 elementor-widget elementor-widget-image\" data-id=\"d2cbae1\" data-element_type=\"widget\" data-e-type=\"widget\" data-widget_type=\"image.default\">\n\t\t\t\t<div class=\"elementor-widget-container\">\n\t\t\t\t\t\t\t\t\t\t\t\t<figure class=\"wp-caption\">\n\t\t\t\t\t\t\t\t\t\t<img decoding=\"async\" width=\"471\" height=\"600\" src=\"https:\/\/ospoljcane.si\/nova\/wp-content\/uploads\/2026\/04\/UF-1-mesto-8-razred.jpg\" class=\"attachment-large size-large wp-image-24793\" alt=\"\" srcset=\"https:\/\/ospoljcane.si\/nova\/wp-content\/uploads\/2026\/04\/UF-1-mesto-8-razred.jpg 471w, https:\/\/ospoljcane.si\/nova\/wp-content\/uploads\/2026\/04\/UF-1-mesto-8-razred-236x300.jpg 236w, https:\/\/ospoljcane.si\/nova\/wp-content\/uploads\/2026\/04\/UF-1-mesto-8-razred-47x60.jpg 47w\" sizes=\"(max-width: 471px) 100vw, 471px\" \/>\t\t\t\t\t\t\t\t\t\t\t<figcaption class=\"widget-image-caption wp-caption-text\">1. mesto, 8. razred, deklici z leve: Ema Flac, Ajda Marzidov\u0161ek. De\u010dki z leve: Lovro Mlakar, Rene Kodri\u010d, Izak Rupnik.<\/figcaption>\n\t\t\t\t\t\t\t\t\t\t<\/figure>\n\t\t\t\t\t\t\t\t\t<\/div>\n\t\t\t\t<\/div>\n\t\t\t\t\t<\/div>\n\t\t<\/div>\n\t\t\t\t<div class=\"elementor-column elementor-col-50 elementor-top-column elementor-element elementor-element-20eddda\" data-id=\"20eddda\" data-element_type=\"column\" data-e-type=\"column\">\n\t\t\t<div class=\"elementor-widget-wrap elementor-element-populated\">\n\t\t\t\t\t\t<div class=\"elementor-element elementor-element-065fa3a elementor-widget elementor-widget-image\" data-id=\"065fa3a\" data-element_type=\"widget\" data-e-type=\"widget\" data-widget_type=\"image.default\">\n\t\t\t\t<div class=\"elementor-widget-container\">\n\t\t\t\t\t\t\t\t\t\t\t\t<figure class=\"wp-caption\">\n\t\t\t\t\t\t\t\t\t\t<img loading=\"lazy\" decoding=\"async\" width=\"482\" height=\"598\" src=\"https:\/\/ospoljcane.si\/nova\/wp-content\/uploads\/2026\/04\/UF-1-mesto-9-razred.jpg\" class=\"attachment-large size-large wp-image-24792\" alt=\"\" srcset=\"https:\/\/ospoljcane.si\/nova\/wp-content\/uploads\/2026\/04\/UF-1-mesto-9-razred.jpg 482w, https:\/\/ospoljcane.si\/nova\/wp-content\/uploads\/2026\/04\/UF-1-mesto-9-razred-242x300.jpg 242w, https:\/\/ospoljcane.si\/nova\/wp-content\/uploads\/2026\/04\/UF-1-mesto-9-razred-48x60.jpg 48w\" sizes=\"(max-width: 482px) 100vw, 482px\" \/>\t\t\t\t\t\t\t\t\t\t\t<figcaption class=\"widget-image-caption wp-caption-text\">1. mesto, 9. razred, deklice z leve: Ajda Hribernik, Danaja \u017duna, Stela Ela Pivec. De\u010dki z leve: Gregor Kro\u0161el, Jan \u0160ega, Mihael Plav\u010dak.<\/figcaption>\n\t\t\t\t\t\t\t\t\t\t<\/figure>\n\t\t\t\t\t\t\t\t\t<\/div>\n\t\t\t\t<\/div>\n\t\t\t\t\t<\/div>\n\t\t<\/div>\n\t\t\t\t\t<\/div>\n\t\t<\/section>\n\t\t\t\t<section class=\"elementor-section elementor-top-section elementor-element elementor-element-c06da47 elementor-section-boxed elementor-section-height-default elementor-section-height-default\" data-id=\"c06da47\" data-element_type=\"section\" data-e-type=\"section\">\n\t\t\t\t\t\t<div class=\"elementor-container elementor-column-gap-default\">\n\t\t\t\t\t<div class=\"elementor-column elementor-col-100 elementor-top-column elementor-element elementor-element-0923243\" data-id=\"0923243\" data-element_type=\"column\" data-e-type=\"column\">\n\t\t\t<div class=\"elementor-widget-wrap elementor-element-populated\">\n\t\t\t\t\t\t<div class=\"elementor-element elementor-element-74c0438 elementor-widget elementor-widget-image\" data-id=\"74c0438\" data-element_type=\"widget\" data-e-type=\"widget\" data-widget_type=\"image.default\">\n\t\t\t\t<div class=\"elementor-widget-container\">\n\t\t\t\t\t\t\t\t\t\t\t\t<figure class=\"wp-caption\">\n\t\t\t\t\t\t\t\t\t\t<img loading=\"lazy\" decoding=\"async\" width=\"1020\" height=\"486\" src=\"https:\/\/ospoljcane.si\/nova\/wp-content\/uploads\/2026\/04\/UF-vsi-tekmovalci-1024x488.jpg\" class=\"attachment-large size-large wp-image-24794\" alt=\"\" srcset=\"https:\/\/ospoljcane.si\/nova\/wp-content\/uploads\/2026\/04\/UF-vsi-tekmovalci-1024x488.jpg 1024w, https:\/\/ospoljcane.si\/nova\/wp-content\/uploads\/2026\/04\/UF-vsi-tekmovalci-300x143.jpg 300w, https:\/\/ospoljcane.si\/nova\/wp-content\/uploads\/2026\/04\/UF-vsi-tekmovalci-768x366.jpg 768w, https:\/\/ospoljcane.si\/nova\/wp-content\/uploads\/2026\/04\/UF-vsi-tekmovalci-126x60.jpg 126w, https:\/\/ospoljcane.si\/nova\/wp-content\/uploads\/2026\/04\/UF-vsi-tekmovalci.jpg 1236w\" sizes=\"(max-width: 1020px) 100vw, 1020px\" \/>\t\t\t\t\t\t\t\t\t\t\t<figcaption class=\"widget-image-caption wp-caption-text\">Vsi tekmovalci O\u0160 Kajetana Kovi\u010da Polj\u010dane<\/figcaption>\n\t\t\t\t\t\t\t\t\t\t<\/figure>\n\t\t\t\t\t\t\t\t\t<\/div>\n\t\t\t\t<\/div>\n\t\t\t\t\t<\/div>\n\t\t<\/div>\n\t\t\t\t\t<\/div>\n\t\t<\/section>\n\t\t\t\t<section class=\"elementor-section elementor-top-section elementor-element elementor-element-41858e7 elementor-section-boxed elementor-section-height-default elementor-section-height-default\" data-id=\"41858e7\" data-element_type=\"section\" data-e-type=\"section\">\n\t\t\t\t\t\t<div class=\"elementor-container elementor-column-gap-default\">\n\t\t\t\t\t<div class=\"elementor-column elementor-col-33 elementor-top-column elementor-element elementor-element-b13fc57\" data-id=\"b13fc57\" data-element_type=\"column\" data-e-type=\"column\">\n\t\t\t<div class=\"elementor-widget-wrap elementor-element-populated\">\n\t\t\t\t\t\t<div class=\"elementor-element elementor-element-aeee3ef elementor-widget elementor-widget-image\" data-id=\"aeee3ef\" data-element_type=\"widget\" data-e-type=\"widget\" data-widget_type=\"image.default\">\n\t\t\t\t<div class=\"elementor-widget-container\">\n\t\t\t\t\t\t\t\t\t\t\t\t<figure class=\"wp-caption\">\n\t\t\t\t\t\t\t\t\t\t<img loading=\"lazy\" decoding=\"async\" width=\"329\" height=\"834\" src=\"https:\/\/ospoljcane.si\/nova\/wp-content\/uploads\/2026\/04\/UF-Neza-KLinc.jpg\" class=\"attachment-large size-large wp-image-24797\" alt=\"\" srcset=\"https:\/\/ospoljcane.si\/nova\/wp-content\/uploads\/2026\/04\/UF-Neza-KLinc.jpg 329w, https:\/\/ospoljcane.si\/nova\/wp-content\/uploads\/2026\/04\/UF-Neza-KLinc-118x300.jpg 118w, https:\/\/ospoljcane.si\/nova\/wp-content\/uploads\/2026\/04\/UF-Neza-KLinc-24x60.jpg 24w\" sizes=\"(max-width: 329px) 100vw, 329px\" \/>\t\t\t\t\t\t\t\t\t\t\t<figcaption class=\"widget-image-caption wp-caption-text\">Ne\u017ea Klinc, najbolj\u0161a igralka med mlaj\u0161imi deklicami<\/figcaption>\n\t\t\t\t\t\t\t\t\t\t<\/figure>\n\t\t\t\t\t\t\t\t\t<\/div>\n\t\t\t\t<\/div>\n\t\t\t\t\t<\/div>\n\t\t<\/div>\n\t\t\t\t<div class=\"elementor-column elementor-col-33 elementor-top-column elementor-element elementor-element-ba6a64c\" data-id=\"ba6a64c\" data-element_type=\"column\" data-e-type=\"column\">\n\t\t\t<div class=\"elementor-widget-wrap elementor-element-populated\">\n\t\t\t\t\t\t<div class=\"elementor-element elementor-element-95507d5 elementor-widget elementor-widget-image\" data-id=\"95507d5\" data-element_type=\"widget\" data-e-type=\"widget\" data-widget_type=\"image.default\">\n\t\t\t\t<div class=\"elementor-widget-container\">\n\t\t\t\t\t\t\t\t\t\t\t\t<figure class=\"wp-caption\">\n\t\t\t\t\t\t\t\t\t\t<img loading=\"lazy\" decoding=\"async\" width=\"354\" height=\"839\" src=\"https:\/\/ospoljcane.si\/nova\/wp-content\/uploads\/2026\/04\/UF-Liam-Brglez.jpg\" class=\"attachment-large size-large wp-image-24796\" alt=\"\" srcset=\"https:\/\/ospoljcane.si\/nova\/wp-content\/uploads\/2026\/04\/UF-Liam-Brglez.jpg 354w, https:\/\/ospoljcane.si\/nova\/wp-content\/uploads\/2026\/04\/UF-Liam-Brglez-127x300.jpg 127w, https:\/\/ospoljcane.si\/nova\/wp-content\/uploads\/2026\/04\/UF-Liam-Brglez-25x60.jpg 25w\" sizes=\"(max-width: 354px) 100vw, 354px\" \/>\t\t\t\t\t\t\t\t\t\t\t<figcaption class=\"widget-image-caption wp-caption-text\">Liam Brglez, najbolj\u0161i igralec med mlaj\u0161imi de\u010dki<\/figcaption>\n\t\t\t\t\t\t\t\t\t\t<\/figure>\n\t\t\t\t\t\t\t\t\t<\/div>\n\t\t\t\t<\/div>\n\t\t\t\t\t<\/div>\n\t\t<\/div>\n\t\t\t\t<div class=\"elementor-column elementor-col-33 elementor-top-column elementor-element elementor-element-7148588\" data-id=\"7148588\" data-element_type=\"column\" data-e-type=\"column\">\n\t\t\t<div class=\"elementor-widget-wrap elementor-element-populated\">\n\t\t\t\t\t\t<div class=\"elementor-element elementor-element-f7b22c3 elementor-widget elementor-widget-image\" data-id=\"f7b22c3\" data-element_type=\"widget\" data-e-type=\"widget\" data-widget_type=\"image.default\">\n\t\t\t\t<div class=\"elementor-widget-container\">\n\t\t\t\t\t\t\t\t\t\t\t\t<figure class=\"wp-caption\">\n\t\t\t\t\t\t\t\t\t\t<img loading=\"lazy\" decoding=\"async\" width=\"354\" height=\"841\" src=\"https:\/\/ospoljcane.si\/nova\/wp-content\/uploads\/2026\/04\/UF-Gregor-Krosel.jpg\" class=\"attachment-large size-large wp-image-24795\" alt=\"\" srcset=\"https:\/\/ospoljcane.si\/nova\/wp-content\/uploads\/2026\/04\/UF-Gregor-Krosel.jpg 354w, https:\/\/ospoljcane.si\/nova\/wp-content\/uploads\/2026\/04\/UF-Gregor-Krosel-126x300.jpg 126w, https:\/\/ospoljcane.si\/nova\/wp-content\/uploads\/2026\/04\/UF-Gregor-Krosel-25x60.jpg 25w\" sizes=\"(max-width: 354px) 100vw, 354px\" \/>\t\t\t\t\t\t\t\t\t\t\t<figcaption class=\"widget-image-caption wp-caption-text\">Gregor Kro\u0161el, najbolj\u0161i igralec med starej\u0161imi de\u010dki<\/figcaption>\n\t\t\t\t\t\t\t\t\t\t<\/figure>\n\t\t\t\t\t\t\t\t\t<\/div>\n\t\t\t\t<\/div>\n\t\t\t\t\t<\/div>\n\t\t<\/div>\n\t\t\t\t\t<\/div>\n\t\t<\/section>\n\t\t\t\t<\/div>\n\t\t","protected":false},"excerpt":{"rendered":"<p>Tudi letos smo se udele\u017eili medob\u010dinskega tekmovanja v ultimate frizbi. Tekmovanje je potekalo na velikem nogometnem igri\u0161\u010du z umetno travo v Slovenski Bistrici. Tekmovanje potekalo &hellip; <\/p>\n","protected":false},"author":6,"featured_media":24794,"comment_status":"closed","ping_status":"open","sticky":false,"template":"","format":"standard","meta":{"footnotes":""},"categories":[70],"tags":[],"class_list":["post-24789","post","type-post","status-publish","format-standard","has-post-thumbnail","hentry","category-dogodki-2025-2026","image-hover-transition-effect","latest_post"],"yoast_head":"<!-- This site is optimized with the Yoast SEO plugin v27.4 - https:\/\/yoast.com\/product\/yoast-seo-wordpress\/ -->\n<title>Ultimate frizbi, medob\u010dinsko, 14. 4. 2026 - Osnovna \u0161ola Kajetana Kovi\u010da Polj\u010dane<\/title>\n<meta name=\"robots\" content=\"index, follow, max-snippet:-1, max-image-preview:large, max-video-preview:-1\" \/>\n<link rel=\"canonical\" href=\"https:\/\/ospoljcane.si\/nova\/2026\/04\/17\/ultimate-frizbi-medobcinsko-14-4-2026\/\" \/>\n<meta property=\"og:locale\" content=\"sl_SI\" \/>\n<meta property=\"og:type\" content=\"article\" \/>\n<meta property=\"og:title\" content=\"Ultimate frizbi, medob\u010dinsko, 14. 4. 2026 - Osnovna \u0161ola Kajetana Kovi\u010da Polj\u010dane\" \/>\n<meta property=\"og:description\" content=\"Tudi letos smo se udele\u017eili medob\u010dinskega tekmovanja v ultimate frizbi. Tekmovanje je potekalo na velikem nogometnem igri\u0161\u010du z umetno travo v Slovenski Bistrici. Tekmovanje potekalo &hellip;\" \/>\n<meta property=\"og:url\" content=\"https:\/\/ospoljcane.si\/nova\/2026\/04\/17\/ultimate-frizbi-medobcinsko-14-4-2026\/\" \/>\n<meta property=\"og:site_name\" content=\"Osnovna \u0161ola Kajetana Kovi\u010da Polj\u010dane\" \/>\n<meta property=\"article:published_time\" content=\"2026-04-17T06:36:55+00:00\" \/>\n<meta property=\"article:modified_time\" content=\"2026-04-17T07:45:22+00:00\" \/>\n<meta property=\"og:image\" content=\"https:\/\/ospoljcane.si\/nova\/wp-content\/uploads\/2026\/04\/UF-vsi-tekmovalci.jpg\" \/>\n\t<meta property=\"og:image:width\" content=\"1236\" \/>\n\t<meta property=\"og:image:height\" content=\"589\" \/>\n\t<meta property=\"og:image:type\" content=\"image\/jpeg\" \/>\n<meta name=\"author\" content=\"Kristina Jelnikar\" \/>\n<meta name=\"twitter:card\" content=\"summary_large_image\" \/>\n<meta name=\"twitter:label1\" content=\"Written by\" \/>\n\t<meta name=\"twitter:data1\" content=\"Kristina Jelnikar\" \/>\n\t<meta name=\"twitter:label2\" content=\"Est. reading time\" \/>\n\t<meta name=\"twitter:data2\" content=\"4 minute\" \/>\n<script type=\"application\/ld+json\" class=\"yoast-schema-graph\">{\"@context\":\"https:\\\/\\\/schema.org\",\"@graph\":[{\"@type\":\"Article\",\"@id\":\"https:\\\/\\\/ospoljcane.si\\\/nova\\\/2026\\\/04\\\/17\\\/ultimate-frizbi-medobcinsko-14-4-2026\\\/#article\",\"isPartOf\":{\"@id\":\"https:\\\/\\\/ospoljcane.si\\\/nova\\\/2026\\\/04\\\/17\\\/ultimate-frizbi-medobcinsko-14-4-2026\\\/\"},\"author\":{\"name\":\"Kristina Jelnikar\",\"@id\":\"https:\\\/\\\/ospoljcane.si\\\/nova\\\/#\\\/schema\\\/person\\\/61d0b5b5fa1c1ce678c7d6f924be03ac\"},\"headline\":\"Ultimate frizbi, medob\u010dinsko, 14. 4. 2026\",\"datePublished\":\"2026-04-17T06:36:55+00:00\",\"dateModified\":\"2026-04-17T07:45:22+00:00\",\"mainEntityOfPage\":{\"@id\":\"https:\\\/\\\/ospoljcane.si\\\/nova\\\/2026\\\/04\\\/17\\\/ultimate-frizbi-medobcinsko-14-4-2026\\\/\"},\"wordCount\":299,\"publisher\":{\"@id\":\"https:\\\/\\\/ospoljcane.si\\\/nova\\\/#organization\"},\"image\":{\"@id\":\"https:\\\/\\\/ospoljcane.si\\\/nova\\\/2026\\\/04\\\/17\\\/ultimate-frizbi-medobcinsko-14-4-2026\\\/#primaryimage\"},\"thumbnailUrl\":\"https:\\\/\\\/ospoljcane.si\\\/nova\\\/wp-content\\\/uploads\\\/2026\\\/04\\\/UF-vsi-tekmovalci.jpg\",\"articleSection\":[\"Dogodki 2025\\\/2026\"],\"inLanguage\":\"sl-SI\"},{\"@type\":\"WebPage\",\"@id\":\"https:\\\/\\\/ospoljcane.si\\\/nova\\\/2026\\\/04\\\/17\\\/ultimate-frizbi-medobcinsko-14-4-2026\\\/\",\"url\":\"https:\\\/\\\/ospoljcane.si\\\/nova\\\/2026\\\/04\\\/17\\\/ultimate-frizbi-medobcinsko-14-4-2026\\\/\",\"name\":\"Ultimate frizbi, medob\u010dinsko, 14. 4. 2026 - Osnovna \u0161ola Kajetana Kovi\u010da Polj\u010dane\",\"isPartOf\":{\"@id\":\"https:\\\/\\\/ospoljcane.si\\\/nova\\\/#website\"},\"primaryImageOfPage\":{\"@id\":\"https:\\\/\\\/ospoljcane.si\\\/nova\\\/2026\\\/04\\\/17\\\/ultimate-frizbi-medobcinsko-14-4-2026\\\/#primaryimage\"},\"image\":{\"@id\":\"https:\\\/\\\/ospoljcane.si\\\/nova\\\/2026\\\/04\\\/17\\\/ultimate-frizbi-medobcinsko-14-4-2026\\\/#primaryimage\"},\"thumbnailUrl\":\"https:\\\/\\\/ospoljcane.si\\\/nova\\\/wp-content\\\/uploads\\\/2026\\\/04\\\/UF-vsi-tekmovalci.jpg\",\"datePublished\":\"2026-04-17T06:36:55+00:00\",\"dateModified\":\"2026-04-17T07:45:22+00:00\",\"breadcrumb\":{\"@id\":\"https:\\\/\\\/ospoljcane.si\\\/nova\\\/2026\\\/04\\\/17\\\/ultimate-frizbi-medobcinsko-14-4-2026\\\/#breadcrumb\"},\"inLanguage\":\"sl-SI\",\"potentialAction\":[{\"@type\":\"ReadAction\",\"target\":[\"https:\\\/\\\/ospoljcane.si\\\/nova\\\/2026\\\/04\\\/17\\\/ultimate-frizbi-medobcinsko-14-4-2026\\\/\"]}]},{\"@type\":\"ImageObject\",\"inLanguage\":\"sl-SI\",\"@id\":\"https:\\\/\\\/ospoljcane.si\\\/nova\\\/2026\\\/04\\\/17\\\/ultimate-frizbi-medobcinsko-14-4-2026\\\/#primaryimage\",\"url\":\"https:\\\/\\\/ospoljcane.si\\\/nova\\\/wp-content\\\/uploads\\\/2026\\\/04\\\/UF-vsi-tekmovalci.jpg\",\"contentUrl\":\"https:\\\/\\\/ospoljcane.si\\\/nova\\\/wp-content\\\/uploads\\\/2026\\\/04\\\/UF-vsi-tekmovalci.jpg\",\"width\":1236,\"height\":589},{\"@type\":\"BreadcrumbList\",\"@id\":\"https:\\\/\\\/ospoljcane.si\\\/nova\\\/2026\\\/04\\\/17\\\/ultimate-frizbi-medobcinsko-14-4-2026\\\/#breadcrumb\",\"itemListElement\":[{\"@type\":\"ListItem\",\"position\":1,\"name\":\"Domov\",\"item\":\"https:\\\/\\\/ospoljcane.si\\\/nova\\\/\"},{\"@type\":\"ListItem\",\"position\":2,\"name\":\"Ultimate frizbi, medob\u010dinsko, 14. 4. 2026\"}]},{\"@type\":\"WebSite\",\"@id\":\"https:\\\/\\\/ospoljcane.si\\\/nova\\\/#website\",\"url\":\"https:\\\/\\\/ospoljcane.si\\\/nova\\\/\",\"name\":\"Osnovna \u0161ola Kajetana Kovi\u010da Polj\u010dane\",\"description\":\"\",\"publisher\":{\"@id\":\"https:\\\/\\\/ospoljcane.si\\\/nova\\\/#organization\"},\"potentialAction\":[{\"@type\":\"SearchAction\",\"target\":{\"@type\":\"EntryPoint\",\"urlTemplate\":\"https:\\\/\\\/ospoljcane.si\\\/nova\\\/?s={search_term_string}\"},\"query-input\":{\"@type\":\"PropertyValueSpecification\",\"valueRequired\":true,\"valueName\":\"search_term_string\"}}],\"inLanguage\":\"sl-SI\"},{\"@type\":\"Organization\",\"@id\":\"https:\\\/\\\/ospoljcane.si\\\/nova\\\/#organization\",\"name\":\"Osnovna \u0161ola Kajetana Kovi\u010da Polj\u010dane\",\"url\":\"https:\\\/\\\/ospoljcane.si\\\/nova\\\/\",\"logo\":{\"@type\":\"ImageObject\",\"inLanguage\":\"sl-SI\",\"@id\":\"https:\\\/\\\/ospoljcane.si\\\/nova\\\/#\\\/schema\\\/logo\\\/image\\\/\",\"url\":\"https:\\\/\\\/ospoljcane.si\\\/nova\\\/wp-content\\\/uploads\\\/2020\\\/12\\\/cropped-cropped-Logotip-sole-2016_3G-1-1.png\",\"contentUrl\":\"https:\\\/\\\/ospoljcane.si\\\/nova\\\/wp-content\\\/uploads\\\/2020\\\/12\\\/cropped-cropped-Logotip-sole-2016_3G-1-1.png\",\"width\":512,\"height\":512,\"caption\":\"Osnovna \u0161ola Kajetana Kovi\u010da Polj\u010dane\"},\"image\":{\"@id\":\"https:\\\/\\\/ospoljcane.si\\\/nova\\\/#\\\/schema\\\/logo\\\/image\\\/\"}},{\"@type\":\"Person\",\"@id\":\"https:\\\/\\\/ospoljcane.si\\\/nova\\\/#\\\/schema\\\/person\\\/61d0b5b5fa1c1ce678c7d6f924be03ac\",\"name\":\"Kristina Jelnikar\",\"image\":{\"@type\":\"ImageObject\",\"inLanguage\":\"sl-SI\",\"@id\":\"https:\\\/\\\/secure.gravatar.com\\\/avatar\\\/c632a1c6db7d91ea08506862c2dfdb97cd95f38db54a148ddfe87d9c32e3420d?s=96&d=mm&r=g\",\"url\":\"https:\\\/\\\/secure.gravatar.com\\\/avatar\\\/c632a1c6db7d91ea08506862c2dfdb97cd95f38db54a148ddfe87d9c32e3420d?s=96&d=mm&r=g\",\"contentUrl\":\"https:\\\/\\\/secure.gravatar.com\\\/avatar\\\/c632a1c6db7d91ea08506862c2dfdb97cd95f38db54a148ddfe87d9c32e3420d?s=96&d=mm&r=g\",\"caption\":\"Kristina Jelnikar\"},\"url\":\"https:\\\/\\\/ospoljcane.si\\\/nova\\\/author\\\/kristina\\\/\"}]}<\/script>\n<!-- \/ Yoast SEO plugin. -->","yoast_head_json":{"title":"Ultimate frizbi, medob\u010dinsko, 14. 4. 2026 - Osnovna \u0161ola Kajetana Kovi\u010da Polj\u010dane","robots":{"index":"index","follow":"follow","max-snippet":"max-snippet:-1","max-image-preview":"max-image-preview:large","max-video-preview":"max-video-preview:-1"},"canonical":"https:\/\/ospoljcane.si\/nova\/2026\/04\/17\/ultimate-frizbi-medobcinsko-14-4-2026\/","og_locale":"sl_SI","og_type":"article","og_title":"Ultimate frizbi, medob\u010dinsko, 14. 4. 2026 - Osnovna \u0161ola Kajetana Kovi\u010da Polj\u010dane","og_description":"Tudi letos smo se udele\u017eili medob\u010dinskega tekmovanja v ultimate frizbi. Tekmovanje je potekalo na velikem nogometnem igri\u0161\u010du z umetno travo v Slovenski Bistrici. Tekmovanje potekalo &hellip;","og_url":"https:\/\/ospoljcane.si\/nova\/2026\/04\/17\/ultimate-frizbi-medobcinsko-14-4-2026\/","og_site_name":"Osnovna \u0161ola Kajetana Kovi\u010da Polj\u010dane","article_published_time":"2026-04-17T06:36:55+00:00","article_modified_time":"2026-04-17T07:45:22+00:00","og_image":[{"width":1236,"height":589,"url":"https:\/\/ospoljcane.si\/nova\/wp-content\/uploads\/2026\/04\/UF-vsi-tekmovalci.jpg","type":"image\/jpeg"}],"author":"Kristina Jelnikar","twitter_card":"summary_large_image","twitter_misc":{"Written by":"Kristina Jelnikar","Est. reading time":"4 minute"},"schema":{"@context":"https:\/\/schema.org","@graph":[{"@type":"Article","@id":"https:\/\/ospoljcane.si\/nova\/2026\/04\/17\/ultimate-frizbi-medobcinsko-14-4-2026\/#article","isPartOf":{"@id":"https:\/\/ospoljcane.si\/nova\/2026\/04\/17\/ultimate-frizbi-medobcinsko-14-4-2026\/"},"author":{"name":"Kristina Jelnikar","@id":"https:\/\/ospoljcane.si\/nova\/#\/schema\/person\/61d0b5b5fa1c1ce678c7d6f924be03ac"},"headline":"Ultimate frizbi, medob\u010dinsko, 14. 4. 2026","datePublished":"2026-04-17T06:36:55+00:00","dateModified":"2026-04-17T07:45:22+00:00","mainEntityOfPage":{"@id":"https:\/\/ospoljcane.si\/nova\/2026\/04\/17\/ultimate-frizbi-medobcinsko-14-4-2026\/"},"wordCount":299,"publisher":{"@id":"https:\/\/ospoljcane.si\/nova\/#organization"},"image":{"@id":"https:\/\/ospoljcane.si\/nova\/2026\/04\/17\/ultimate-frizbi-medobcinsko-14-4-2026\/#primaryimage"},"thumbnailUrl":"https:\/\/ospoljcane.si\/nova\/wp-content\/uploads\/2026\/04\/UF-vsi-tekmovalci.jpg","articleSection":["Dogodki 2025\/2026"],"inLanguage":"sl-SI"},{"@type":"WebPage","@id":"https:\/\/ospoljcane.si\/nova\/2026\/04\/17\/ultimate-frizbi-medobcinsko-14-4-2026\/","url":"https:\/\/ospoljcane.si\/nova\/2026\/04\/17\/ultimate-frizbi-medobcinsko-14-4-2026\/","name":"Ultimate frizbi, medob\u010dinsko, 14. 4. 2026 - Osnovna \u0161ola Kajetana Kovi\u010da Polj\u010dane","isPartOf":{"@id":"https:\/\/ospoljcane.si\/nova\/#website"},"primaryImageOfPage":{"@id":"https:\/\/ospoljcane.si\/nova\/2026\/04\/17\/ultimate-frizbi-medobcinsko-14-4-2026\/#primaryimage"},"image":{"@id":"https:\/\/ospoljcane.si\/nova\/2026\/04\/17\/ultimate-frizbi-medobcinsko-14-4-2026\/#primaryimage"},"thumbnailUrl":"https:\/\/ospoljcane.si\/nova\/wp-content\/uploads\/2026\/04\/UF-vsi-tekmovalci.jpg","datePublished":"2026-04-17T06:36:55+00:00","dateModified":"2026-04-17T07:45:22+00:00","breadcrumb":{"@id":"https:\/\/ospoljcane.si\/nova\/2026\/04\/17\/ultimate-frizbi-medobcinsko-14-4-2026\/#breadcrumb"},"inLanguage":"sl-SI","potentialAction":[{"@type":"ReadAction","target":["https:\/\/ospoljcane.si\/nova\/2026\/04\/17\/ultimate-frizbi-medobcinsko-14-4-2026\/"]}]},{"@type":"ImageObject","inLanguage":"sl-SI","@id":"https:\/\/ospoljcane.si\/nova\/2026\/04\/17\/ultimate-frizbi-medobcinsko-14-4-2026\/#primaryimage","url":"https:\/\/ospoljcane.si\/nova\/wp-content\/uploads\/2026\/04\/UF-vsi-tekmovalci.jpg","contentUrl":"https:\/\/ospoljcane.si\/nova\/wp-content\/uploads\/2026\/04\/UF-vsi-tekmovalci.jpg","width":1236,"height":589},{"@type":"BreadcrumbList","@id":"https:\/\/ospoljcane.si\/nova\/2026\/04\/17\/ultimate-frizbi-medobcinsko-14-4-2026\/#breadcrumb","itemListElement":[{"@type":"ListItem","position":1,"name":"Domov","item":"https:\/\/ospoljcane.si\/nova\/"},{"@type":"ListItem","position":2,"name":"Ultimate frizbi, medob\u010dinsko, 14. 4. 2026"}]},{"@type":"WebSite","@id":"https:\/\/ospoljcane.si\/nova\/#website","url":"https:\/\/ospoljcane.si\/nova\/","name":"Osnovna \u0161ola Kajetana Kovi\u010da Polj\u010dane","description":"","publisher":{"@id":"https:\/\/ospoljcane.si\/nova\/#organization"},"potentialAction":[{"@type":"SearchAction","target":{"@type":"EntryPoint","urlTemplate":"https:\/\/ospoljcane.si\/nova\/?s={search_term_string}"},"query-input":{"@type":"PropertyValueSpecification","valueRequired":true,"valueName":"search_term_string"}}],"inLanguage":"sl-SI"},{"@type":"Organization","@id":"https:\/\/ospoljcane.si\/nova\/#organization","name":"Osnovna \u0161ola Kajetana Kovi\u010da Polj\u010dane","url":"https:\/\/ospoljcane.si\/nova\/","logo":{"@type":"ImageObject","inLanguage":"sl-SI","@id":"https:\/\/ospoljcane.si\/nova\/#\/schema\/logo\/image\/","url":"https:\/\/ospoljcane.si\/nova\/wp-content\/uploads\/2020\/12\/cropped-cropped-Logotip-sole-2016_3G-1-1.png","contentUrl":"https:\/\/ospoljcane.si\/nova\/wp-content\/uploads\/2020\/12\/cropped-cropped-Logotip-sole-2016_3G-1-1.png","width":512,"height":512,"caption":"Osnovna \u0161ola Kajetana Kovi\u010da Polj\u010dane"},"image":{"@id":"https:\/\/ospoljcane.si\/nova\/#\/schema\/logo\/image\/"}},{"@type":"Person","@id":"https:\/\/ospoljcane.si\/nova\/#\/schema\/person\/61d0b5b5fa1c1ce678c7d6f924be03ac","name":"Kristina Jelnikar","image":{"@type":"ImageObject","inLanguage":"sl-SI","@id":"https:\/\/secure.gravatar.com\/avatar\/c632a1c6db7d91ea08506862c2dfdb97cd95f38db54a148ddfe87d9c32e3420d?s=96&d=mm&r=g","url":"https:\/\/secure.gravatar.com\/avatar\/c632a1c6db7d91ea08506862c2dfdb97cd95f38db54a148ddfe87d9c32e3420d?s=96&d=mm&r=g","contentUrl":"https:\/\/secure.gravatar.com\/avatar\/c632a1c6db7d91ea08506862c2dfdb97cd95f38db54a148ddfe87d9c32e3420d?s=96&d=mm&r=g","caption":"Kristina Jelnikar"},"url":"https:\/\/ospoljcane.si\/nova\/author\/kristina\/"}]}},"_links":{"self":[{"href":"https:\/\/ospoljcane.si\/nova\/wp-json\/wp\/v2\/posts\/24789","targetHints":{"allow":["GET"]}}],"collection":[{"href":"https:\/\/ospoljcane.si\/nova\/wp-json\/wp\/v2\/posts"}],"about":[{"href":"https:\/\/ospoljcane.si\/nova\/wp-json\/wp\/v2\/types\/post"}],"author":[{"embeddable":true,"href":"https:\/\/ospoljcane.si\/nova\/wp-json\/wp\/v2\/users\/6"}],"replies":[{"embeddable":true,"href":"https:\/\/ospoljcane.si\/nova\/wp-json\/wp\/v2\/comments?post=24789"}],"version-history":[{"count":4,"href":"https:\/\/ospoljcane.si\/nova\/wp-json\/wp\/v2\/posts\/24789\/revisions"}],"predecessor-version":[{"id":24801,"href":"https:\/\/ospoljcane.si\/nova\/wp-json\/wp\/v2\/posts\/24789\/revisions\/24801"}],"wp:featuredmedia":[{"embeddable":true,"href":"https:\/\/ospoljcane.si\/nova\/wp-json\/wp\/v2\/media\/24794"}],"wp:attachment":[{"href":"https:\/\/ospoljcane.si\/nova\/wp-json\/wp\/v2\/media?parent=24789"}],"wp:term":[{"taxonomy":"category","embeddable":true,"href":"https:\/\/ospoljcane.si\/nova\/wp-json\/wp\/v2\/categories?post=24789"},{"taxonomy":"post_tag","embeddable":true,"href":"https:\/\/ospoljcane.si\/nova\/wp-json\/wp\/v2\/tags?post=24789"}],"curies":[{"name":"wp","href":"https:\/\/api.w.org\/{rel}","templated":true}]}}