{"id":21174,"date":"2025-03-04T05:53:10","date_gmt":"2025-03-04T04:53:10","guid":{"rendered":"https:\/\/ospoljcane.si\/nova\/?p=21174"},"modified":"2025-03-04T05:55:18","modified_gmt":"2025-03-04T04:55:18","slug":"atletski-mnogoboj-medobcinsko-mlajsi-posamezno-ekipno-2","status":"publish","type":"post","link":"https:\/\/ospoljcane.si\/nova\/2025\/03\/04\/atletski-mnogoboj-medobcinsko-mlajsi-posamezno-ekipno-2\/","title":{"rendered":"Atletski mnogoboj, medob\u010dinsko, mlaj\u0161i, posamezno, ekipno"},"content":{"rendered":"\t\t<div data-elementor-type=\"wp-post\" data-elementor-id=\"21174\" class=\"elementor elementor-21174\" data-elementor-post-type=\"post\">\n\t\t\t\t\t\t<section class=\"elementor-section elementor-top-section elementor-element elementor-element-a4184fb elementor-section-boxed elementor-section-height-default elementor-section-height-default\" data-id=\"a4184fb\" data-element_type=\"section\" data-e-type=\"section\">\n\t\t\t\t\t\t<div class=\"elementor-container elementor-column-gap-default\">\n\t\t\t\t\t<div class=\"elementor-column elementor-col-100 elementor-top-column elementor-element elementor-element-847f91c\" data-id=\"847f91c\" data-element_type=\"column\" data-e-type=\"column\">\n\t\t\t<div class=\"elementor-widget-wrap elementor-element-populated\">\n\t\t\t\t\t\t<div class=\"elementor-element elementor-element-82a9956 elementor-widget elementor-widget-text-editor\" data-id=\"82a9956\" data-element_type=\"widget\" data-e-type=\"widget\" data-widget_type=\"text-editor.default\">\n\t\t\t\t<div class=\"elementor-widget-container\">\n\t\t\t\t\t\t\t\t\t<p>V zimski atletski dvorani v Slovenski Bistrici smo se, 27. 2. 2025, udele\u017eili medob\u010dinskega tekmovanja v dvoranskem mnogoboju za mlaj\u0161e de\u010dke in deklice, letnik 2010 in mlaj\u0161i. Discipline v katerih se tekmovalci pomerijo so bile tek na 60 metrov, skok v daljino, skok v vi\u0161ino ter suvanje te\u017eke \u017eoge (2 kg). Vsi rezultati se pretvorijo v to\u010dke, na koncu razglasijo najbolj\u0161e v posami\u010dni in ekipni kategoriji. Na\u0161o \u0161olo so zastopali trije de\u010dki in \u0161est deklic, imeli smo eno ekipo de\u010dkov in dve ekipi deklet. Najbolj\u0161o uvrstitev posami\u010dno sta dosegla Ana Vidovi\u010d in Rene Kodri\u010d, ki sta posamezno osvojil \u0161esto mesto. Ekipno so de\u010dki dosegli tretje mesto, ekipi deklic pa \u010detrto in osmo mesto.<\/p>\t\t\t\t\t\t\t\t<\/div>\n\t\t\t\t<\/div>\n\t\t\t\t\t<\/div>\n\t\t<\/div>\n\t\t\t\t\t<\/div>\n\t\t<\/section>\n\t\t\t\t<section class=\"elementor-section elementor-top-section elementor-element elementor-element-ee22558 elementor-section-boxed elementor-section-height-default elementor-section-height-default\" data-id=\"ee22558\" data-element_type=\"section\" data-e-type=\"section\">\n\t\t\t\t\t\t<div class=\"elementor-container elementor-column-gap-default\">\n\t\t\t\t\t<div class=\"elementor-column elementor-col-50 elementor-top-column elementor-element elementor-element-e8b6270\" data-id=\"e8b6270\" data-element_type=\"column\" data-e-type=\"column\">\n\t\t\t<div class=\"elementor-widget-wrap elementor-element-populated\">\n\t\t\t\t\t\t<div class=\"elementor-element elementor-element-0052709 elementor-widget elementor-widget-image\" data-id=\"0052709\" data-element_type=\"widget\" data-e-type=\"widget\" data-widget_type=\"image.default\">\n\t\t\t\t<div class=\"elementor-widget-container\">\n\t\t\t\t\t\t\t\t\t\t\t\t<figure class=\"wp-caption\">\n\t\t\t\t\t\t\t\t\t\t<img fetchpriority=\"high\" decoding=\"async\" width=\"258\" height=\"250\" src=\"https:\/\/ospoljcane.si\/nova\/wp-content\/uploads\/2025\/03\/Slika2.png\" class=\"attachment-large size-large wp-image-21178\" alt=\"\" srcset=\"https:\/\/ospoljcane.si\/nova\/wp-content\/uploads\/2025\/03\/Slika2.png 258w, https:\/\/ospoljcane.si\/nova\/wp-content\/uploads\/2025\/03\/Slika2-62x60.png 62w\" sizes=\"(max-width: 258px) 100vw, 258px\" \/>\t\t\t\t\t\t\t\t\t\t\t<figcaption class=\"widget-image-caption wp-caption-text\">Mlaj\u0161i de\u010dki, z leve: Rene Kodri\u010d, Matias Macuh, Urh Grm. Mlaj\u0161e deklice z leve: Neli \u0160pes, Bina Turin, Ana Vidovi\u010d, Ajda Marzidov\u0161ek, Ema Flac, Ajda Vehovar<\/figcaption>\n\t\t\t\t\t\t\t\t\t\t<\/figure>\n\t\t\t\t\t\t\t\t\t<\/div>\n\t\t\t\t<\/div>\n\t\t\t\t\t<\/div>\n\t\t<\/div>\n\t\t\t\t<div class=\"elementor-column elementor-col-50 elementor-top-column elementor-element elementor-element-fcd0620\" data-id=\"fcd0620\" data-element_type=\"column\" data-e-type=\"column\">\n\t\t\t<div class=\"elementor-widget-wrap elementor-element-populated\">\n\t\t\t\t\t\t<div class=\"elementor-element elementor-element-9f3265a elementor-widget elementor-widget-image\" data-id=\"9f3265a\" data-element_type=\"widget\" data-e-type=\"widget\" data-widget_type=\"image.default\">\n\t\t\t\t<div class=\"elementor-widget-container\">\n\t\t\t\t\t\t\t\t\t\t\t\t<figure class=\"wp-caption\">\n\t\t\t\t\t\t\t\t\t\t<img decoding=\"async\" width=\"716\" height=\"955\" src=\"https:\/\/ospoljcane.si\/nova\/wp-content\/uploads\/2025\/03\/atletika-2.jpg\" class=\"attachment-large size-large wp-image-21175\" alt=\"\" srcset=\"https:\/\/ospoljcane.si\/nova\/wp-content\/uploads\/2025\/03\/atletika-2.jpg 716w, https:\/\/ospoljcane.si\/nova\/wp-content\/uploads\/2025\/03\/atletika-2-225x300.jpg 225w, https:\/\/ospoljcane.si\/nova\/wp-content\/uploads\/2025\/03\/atletika-2-45x60.jpg 45w\" sizes=\"(max-width: 716px) 100vw, 716px\" \/>\t\t\t\t\t\t\t\t\t\t\t<figcaption class=\"widget-image-caption wp-caption-text\">3. mesto ekipa de\u010dkov, z leve: Rene Kodri\u010d, Urh Grm, Matias Macuh<\/figcaption>\n\t\t\t\t\t\t\t\t\t\t<\/figure>\n\t\t\t\t\t\t\t\t\t<\/div>\n\t\t\t\t<\/div>\n\t\t\t\t\t<\/div>\n\t\t<\/div>\n\t\t\t\t\t<\/div>\n\t\t<\/section>\n\t\t\t\t<section class=\"elementor-section elementor-top-section elementor-element elementor-element-1d5ac41 elementor-section-boxed elementor-section-height-default elementor-section-height-default\" data-id=\"1d5ac41\" data-element_type=\"section\" data-e-type=\"section\">\n\t\t\t\t\t\t<div class=\"elementor-container elementor-column-gap-default\">\n\t\t\t\t\t<div class=\"elementor-column elementor-col-100 elementor-top-column elementor-element elementor-element-370c395\" data-id=\"370c395\" data-element_type=\"column\" data-e-type=\"column\">\n\t\t\t<div class=\"elementor-widget-wrap elementor-element-populated\">\n\t\t\t\t\t\t<div class=\"elementor-element elementor-element-d1b9766 elementor-widget elementor-widget-text-editor\" data-id=\"d1b9766\" data-element_type=\"widget\" data-e-type=\"widget\" data-widget_type=\"text-editor.default\">\n\t\t\t\t<div class=\"elementor-widget-container\">\n\t\t\t\t\t\t\t\t\t<p><u>Rezultati posamezno de\u010dki:<\/u><\/p><table><tbody><tr><td width=\"96\"><p><strong>MESTO<\/strong><\/p><\/td><td width=\"212\"><p><strong>IME, PRIIMEK<\/strong><\/p><\/td><td width=\"74\"><p><strong>TEK 60 M<\/strong><\/p><\/td><td width=\"76\"><p><strong>SKOK V DALJINO<\/strong><\/p><\/td><td width=\"75\"><p><strong>SKOK V VI\u0160INO<\/strong><\/p><\/td><td width=\"94\"><p><strong>SUVANJE MEDICINKE<\/strong><\/p><\/td><td width=\"68\"><p><strong>SKUPAJ TO\u010cKE<\/strong><\/p><\/td><\/tr><tr><td width=\"96\"><p>6.<\/p><\/td><td width=\"212\"><p>Rene Kodri\u010d<\/p><\/td><td width=\"74\"><p>8,51<\/p><\/td><td width=\"76\"><p>4,37<\/p><\/td><td width=\"75\"><p>1,00<\/p><\/td><td width=\"94\"><p>8,85<\/p><\/td><td width=\"68\"><p>2273<\/p><\/td><\/tr><tr><td width=\"96\"><p>8.<\/p><\/td><td width=\"212\"><p>Matias Macuh<\/p><\/td><td width=\"74\"><p>9,18<\/p><\/td><td width=\"76\"><p>3,77<\/p><\/td><td width=\"75\"><p>1,25<\/p><\/td><td width=\"94\"><p>9,99<\/p><\/td><td width=\"68\"><p>2216<\/p><\/td><\/tr><tr><td width=\"96\"><p>\u00a0<\/p><\/td><td width=\"212\"><p>Urh Grm<\/p><\/td><td width=\"74\"><p>9,28<\/p><\/td><td width=\"76\"><p>4,04<\/p><\/td><td width=\"75\"><p>1,42<\/p><\/td><td width=\"94\"><p>7,16<\/p><\/td><td width=\"68\"><p>2192<\/p><\/td><\/tr><\/tbody><\/table><p><u>Rezultati posamezno deklice:<\/u><\/p><table><tbody><tr><td width=\"96\"><p><strong>MESTO<\/strong><\/p><\/td><td width=\"212\"><p><strong>IME, PRIIMEK<\/strong><\/p><\/td><td width=\"74\"><p><strong>TEK 60 M<\/strong><\/p><\/td><td width=\"76\"><p><strong>SKOK V DALJINO<\/strong><\/p><\/td><td width=\"75\"><p><strong>SKOK V VI\u0160INO<\/strong><\/p><\/td><td width=\"94\"><p><strong>SUVANJE MEDICINKE<\/strong><\/p><\/td><td width=\"68\"><p><strong>SKUPAJ TO\u010cKE<\/strong><\/p><\/td><\/tr><tr><td width=\"96\"><p>27.<\/p><\/td><td width=\"212\"><p>Neli \u0160pes<\/p><\/td><td width=\"74\"><p>10,06<\/p><\/td><td width=\"76\"><p>2,68<\/p><\/td><td width=\"75\"><p>1,15<\/p><\/td><td width=\"94\"><p>6,13<\/p><\/td><td width=\"68\"><p>1498<\/p><\/td><\/tr><tr><td width=\"96\"><p>13.<\/p><\/td><td width=\"212\"><p>Bina Turin<\/p><\/td><td width=\"74\"><p>9,60<\/p><\/td><td width=\"76\"><p>3,46<\/p><\/td><td width=\"75\"><p>1,20<\/p><\/td><td width=\"94\"><p>7,50<\/p><\/td><td width=\"68\"><p>1877<\/p><\/td><\/tr><tr><td width=\"96\"><p>6.<\/p><\/td><td width=\"212\"><p>Ana Vidovi\u010d<\/p><\/td><td width=\"74\"><p>9,22<\/p><\/td><td width=\"76\"><p>3,76<\/p><\/td><td width=\"75\"><p>1,25<\/p><\/td><td width=\"94\"><p>8,98<\/p><\/td><td width=\"68\"><p>2141<\/p><\/td><\/tr><tr><td width=\"96\"><p>19.<\/p><\/td><td width=\"212\"><p>Ajda Marzidov\u0161ek<\/p><\/td><td width=\"74\"><p>9,68<\/p><\/td><td width=\"76\"><p>3,54<\/p><\/td><td width=\"75\"><p>1,15<\/p><\/td><td width=\"94\"><p>7,04<\/p><\/td><td width=\"68\"><p>1825<\/p><\/td><\/tr><tr><td width=\"96\"><p>25.<\/p><\/td><td width=\"212\"><p>Ema Flac<\/p><\/td><td width=\"74\"><p>10,61<\/p><\/td><td width=\"76\"><p>3,19<\/p><\/td><td width=\"75\"><p>1,05<\/p><\/td><td width=\"94\"><p>7,00<\/p><\/td><td width=\"68\"><p>1537<\/p><\/td><\/tr><tr><td width=\"96\"><p>15.<\/p><\/td><td width=\"212\"><p>Ajda Vehovar<\/p><\/td><td width=\"74\"><p>9,84<\/p><\/td><td width=\"76\"><p>3,92<\/p><\/td><td width=\"75\"><p>1,15<\/p><\/td><td width=\"94\"><p>6,73<\/p><\/td><td width=\"68\"><p>1869<\/p><\/td><\/tr><\/tbody><\/table><p><u>Rezultati, ekipno:<\/u><\/p><table><tbody><tr><td width=\"81\"><p><strong>Mesto<\/strong><\/p><\/td><td width=\"546\"><p><strong>Ekipa<\/strong><\/p><\/td><td width=\"67\"><p><strong>To\u010dke<\/strong><\/p><\/td><\/tr><tr><td width=\"81\"><p>3.<\/p><\/td><td width=\"546\"><p>Ekipa de\u010dkov\u00a0 (Rene Kodri\u010d, Matias Macuh, Urh Grm)<\/p><\/td><td width=\"67\"><p>6681<\/p><\/td><\/tr><tr><td width=\"81\"><p>4.<\/p><\/td><td width=\"546\"><p>Ekipa deklic 1 (Ana Vidovi\u010d, Bina Turin, Ajda Vehovar)<\/p><\/td><td width=\"67\"><p>5887<\/p><\/td><\/tr><tr><td width=\"81\"><p>8.<\/p><\/td><td width=\"546\"><p>Ekipa deklic 2 (Ajda Marzidov\u0161ek, Ema Flac, Neli \u0160pes)<\/p><\/td><td width=\"67\"><p>4860<\/p><\/td><\/tr><\/tbody><\/table>\t\t\t\t\t\t\t\t<\/div>\n\t\t\t\t<\/div>\n\t\t\t\t\t<\/div>\n\t\t<\/div>\n\t\t\t\t\t<\/div>\n\t\t<\/section>\n\t\t\t\t<section class=\"elementor-section elementor-top-section elementor-element elementor-element-85278e7 elementor-section-boxed elementor-section-height-default elementor-section-height-default\" data-id=\"85278e7\" data-element_type=\"section\" data-e-type=\"section\">\n\t\t\t\t\t\t<div class=\"elementor-container elementor-column-gap-default\">\n\t\t\t\t\t<div class=\"elementor-column elementor-col-100 elementor-top-column elementor-element elementor-element-f7f3114\" data-id=\"f7f3114\" data-element_type=\"column\" data-e-type=\"column\">\n\t\t\t<div class=\"elementor-widget-wrap elementor-element-populated\">\n\t\t\t\t\t\t<div class=\"elementor-element elementor-element-fa85e58 elementor-widget elementor-widget-text-editor\" data-id=\"fa85e58\" data-element_type=\"widget\" data-e-type=\"widget\" data-widget_type=\"text-editor.default\">\n\t\t\t\t<div class=\"elementor-widget-container\">\n\t\t\t\t\t\t\t\t\t<p style=\"text-align: right;\">Miran Voglar<\/p>\t\t\t\t\t\t\t\t<\/div>\n\t\t\t\t<\/div>\n\t\t\t\t\t<\/div>\n\t\t<\/div>\n\t\t\t\t\t<\/div>\n\t\t<\/section>\n\t\t\t\t<\/div>\n\t\t","protected":false},"excerpt":{"rendered":"<p>V zimski atletski dvorani v Slovenski Bistrici smo se, 27. 2. 2025, udele\u017eili medob\u010dinskega tekmovanja v dvoranskem mnogoboju za mlaj\u0161e de\u010dke in deklice, letnik 2010 &hellip; <\/p>\n","protected":false},"author":6,"featured_media":0,"comment_status":"closed","ping_status":"open","sticky":false,"template":"","format":"standard","meta":{"footnotes":""},"categories":[55],"tags":[],"class_list":["post-21174","post","type-post","status-publish","format-standard","hentry","category-dogodki-2024-2025","image-hover-transition-effect","latest_post"],"yoast_head":"<!-- This site is optimized with the Yoast SEO plugin v27.5 - https:\/\/yoast.com\/product\/yoast-seo-wordpress\/ -->\n<title>Atletski mnogoboj, medob\u010dinsko, mlaj\u0161i, posamezno, ekipno - Osnovna \u0161ola Kajetana Kovi\u010da Polj\u010dane<\/title>\n<meta name=\"robots\" content=\"index, follow, max-snippet:-1, max-image-preview:large, max-video-preview:-1\" \/>\n<link rel=\"canonical\" href=\"https:\/\/ospoljcane.si\/nova\/2025\/03\/04\/atletski-mnogoboj-medobcinsko-mlajsi-posamezno-ekipno-2\/\" \/>\n<meta property=\"og:locale\" content=\"sl_SI\" \/>\n<meta property=\"og:type\" content=\"article\" \/>\n<meta property=\"og:title\" content=\"Atletski mnogoboj, medob\u010dinsko, mlaj\u0161i, posamezno, ekipno - Osnovna \u0161ola Kajetana Kovi\u010da Polj\u010dane\" \/>\n<meta property=\"og:description\" content=\"V zimski atletski dvorani v Slovenski Bistrici smo se, 27. 2. 2025, udele\u017eili medob\u010dinskega tekmovanja v dvoranskem mnogoboju za mlaj\u0161e de\u010dke in deklice, letnik 2010 &hellip;\" \/>\n<meta property=\"og:url\" content=\"https:\/\/ospoljcane.si\/nova\/2025\/03\/04\/atletski-mnogoboj-medobcinsko-mlajsi-posamezno-ekipno-2\/\" \/>\n<meta property=\"og:site_name\" content=\"Osnovna \u0161ola Kajetana Kovi\u010da Polj\u010dane\" \/>\n<meta property=\"article:published_time\" content=\"2025-03-04T04:53:10+00:00\" \/>\n<meta property=\"article:modified_time\" content=\"2025-03-04T04:55:18+00:00\" \/>\n<meta property=\"og:image\" content=\"https:\/\/ospoljcane.si\/nova\/wp-content\/uploads\/2025\/03\/Slika2.png\" \/>\n\t<meta property=\"og:image:width\" content=\"258\" \/>\n\t<meta property=\"og:image:height\" content=\"250\" \/>\n\t<meta property=\"og:image:type\" content=\"image\/png\" \/>\n<meta name=\"author\" content=\"Kristina Jelnikar\" \/>\n<meta name=\"twitter:card\" content=\"summary_large_image\" \/>\n<meta name=\"twitter:label1\" content=\"Written by\" \/>\n\t<meta name=\"twitter:data1\" content=\"Kristina Jelnikar\" \/>\n\t<meta name=\"twitter:label2\" content=\"Est. reading time\" \/>\n\t<meta name=\"twitter:data2\" content=\"3 minute\" \/>\n<script type=\"application\/ld+json\" class=\"yoast-schema-graph\">{\"@context\":\"https:\\\/\\\/schema.org\",\"@graph\":[{\"@type\":\"Article\",\"@id\":\"https:\\\/\\\/ospoljcane.si\\\/nova\\\/2025\\\/03\\\/04\\\/atletski-mnogoboj-medobcinsko-mlajsi-posamezno-ekipno-2\\\/#article\",\"isPartOf\":{\"@id\":\"https:\\\/\\\/ospoljcane.si\\\/nova\\\/2025\\\/03\\\/04\\\/atletski-mnogoboj-medobcinsko-mlajsi-posamezno-ekipno-2\\\/\"},\"author\":{\"name\":\"Kristina Jelnikar\",\"@id\":\"https:\\\/\\\/ospoljcane.si\\\/nova\\\/#\\\/schema\\\/person\\\/61d0b5b5fa1c1ce678c7d6f924be03ac\"},\"headline\":\"Atletski mnogoboj, medob\u010dinsko, mlaj\u0161i, posamezno, ekipno\",\"datePublished\":\"2025-03-04T04:53:10+00:00\",\"dateModified\":\"2025-03-04T04:55:18+00:00\",\"mainEntityOfPage\":{\"@id\":\"https:\\\/\\\/ospoljcane.si\\\/nova\\\/2025\\\/03\\\/04\\\/atletski-mnogoboj-medobcinsko-mlajsi-posamezno-ekipno-2\\\/\"},\"wordCount\":267,\"publisher\":{\"@id\":\"https:\\\/\\\/ospoljcane.si\\\/nova\\\/#organization\"},\"image\":{\"@id\":\"https:\\\/\\\/ospoljcane.si\\\/nova\\\/2025\\\/03\\\/04\\\/atletski-mnogoboj-medobcinsko-mlajsi-posamezno-ekipno-2\\\/#primaryimage\"},\"thumbnailUrl\":\"https:\\\/\\\/ospoljcane.si\\\/nova\\\/wp-content\\\/uploads\\\/2025\\\/03\\\/Slika2.png\",\"articleSection\":[\"Dogodki 2024\\\/2025\"],\"inLanguage\":\"sl-SI\"},{\"@type\":\"WebPage\",\"@id\":\"https:\\\/\\\/ospoljcane.si\\\/nova\\\/2025\\\/03\\\/04\\\/atletski-mnogoboj-medobcinsko-mlajsi-posamezno-ekipno-2\\\/\",\"url\":\"https:\\\/\\\/ospoljcane.si\\\/nova\\\/2025\\\/03\\\/04\\\/atletski-mnogoboj-medobcinsko-mlajsi-posamezno-ekipno-2\\\/\",\"name\":\"Atletski mnogoboj, medob\u010dinsko, mlaj\u0161i, posamezno, ekipno - Osnovna \u0161ola Kajetana Kovi\u010da Polj\u010dane\",\"isPartOf\":{\"@id\":\"https:\\\/\\\/ospoljcane.si\\\/nova\\\/#website\"},\"primaryImageOfPage\":{\"@id\":\"https:\\\/\\\/ospoljcane.si\\\/nova\\\/2025\\\/03\\\/04\\\/atletski-mnogoboj-medobcinsko-mlajsi-posamezno-ekipno-2\\\/#primaryimage\"},\"image\":{\"@id\":\"https:\\\/\\\/ospoljcane.si\\\/nova\\\/2025\\\/03\\\/04\\\/atletski-mnogoboj-medobcinsko-mlajsi-posamezno-ekipno-2\\\/#primaryimage\"},\"thumbnailUrl\":\"https:\\\/\\\/ospoljcane.si\\\/nova\\\/wp-content\\\/uploads\\\/2025\\\/03\\\/Slika2.png\",\"datePublished\":\"2025-03-04T04:53:10+00:00\",\"dateModified\":\"2025-03-04T04:55:18+00:00\",\"breadcrumb\":{\"@id\":\"https:\\\/\\\/ospoljcane.si\\\/nova\\\/2025\\\/03\\\/04\\\/atletski-mnogoboj-medobcinsko-mlajsi-posamezno-ekipno-2\\\/#breadcrumb\"},\"inLanguage\":\"sl-SI\",\"potentialAction\":[{\"@type\":\"ReadAction\",\"target\":[\"https:\\\/\\\/ospoljcane.si\\\/nova\\\/2025\\\/03\\\/04\\\/atletski-mnogoboj-medobcinsko-mlajsi-posamezno-ekipno-2\\\/\"]}]},{\"@type\":\"ImageObject\",\"inLanguage\":\"sl-SI\",\"@id\":\"https:\\\/\\\/ospoljcane.si\\\/nova\\\/2025\\\/03\\\/04\\\/atletski-mnogoboj-medobcinsko-mlajsi-posamezno-ekipno-2\\\/#primaryimage\",\"url\":\"https:\\\/\\\/ospoljcane.si\\\/nova\\\/wp-content\\\/uploads\\\/2025\\\/03\\\/Slika2.png\",\"contentUrl\":\"https:\\\/\\\/ospoljcane.si\\\/nova\\\/wp-content\\\/uploads\\\/2025\\\/03\\\/Slika2.png\",\"width\":258,\"height\":250},{\"@type\":\"BreadcrumbList\",\"@id\":\"https:\\\/\\\/ospoljcane.si\\\/nova\\\/2025\\\/03\\\/04\\\/atletski-mnogoboj-medobcinsko-mlajsi-posamezno-ekipno-2\\\/#breadcrumb\",\"itemListElement\":[{\"@type\":\"ListItem\",\"position\":1,\"name\":\"Domov\",\"item\":\"https:\\\/\\\/ospoljcane.si\\\/nova\\\/\"},{\"@type\":\"ListItem\",\"position\":2,\"name\":\"Atletski mnogoboj, medob\u010dinsko, mlaj\u0161i, posamezno, ekipno\"}]},{\"@type\":\"WebSite\",\"@id\":\"https:\\\/\\\/ospoljcane.si\\\/nova\\\/#website\",\"url\":\"https:\\\/\\\/ospoljcane.si\\\/nova\\\/\",\"name\":\"Osnovna \u0161ola Kajetana Kovi\u010da Polj\u010dane\",\"description\":\"\",\"publisher\":{\"@id\":\"https:\\\/\\\/ospoljcane.si\\\/nova\\\/#organization\"},\"potentialAction\":[{\"@type\":\"SearchAction\",\"target\":{\"@type\":\"EntryPoint\",\"urlTemplate\":\"https:\\\/\\\/ospoljcane.si\\\/nova\\\/?s={search_term_string}\"},\"query-input\":{\"@type\":\"PropertyValueSpecification\",\"valueRequired\":true,\"valueName\":\"search_term_string\"}}],\"inLanguage\":\"sl-SI\"},{\"@type\":\"Organization\",\"@id\":\"https:\\\/\\\/ospoljcane.si\\\/nova\\\/#organization\",\"name\":\"Osnovna \u0161ola Kajetana Kovi\u010da Polj\u010dane\",\"url\":\"https:\\\/\\\/ospoljcane.si\\\/nova\\\/\",\"logo\":{\"@type\":\"ImageObject\",\"inLanguage\":\"sl-SI\",\"@id\":\"https:\\\/\\\/ospoljcane.si\\\/nova\\\/#\\\/schema\\\/logo\\\/image\\\/\",\"url\":\"https:\\\/\\\/ospoljcane.si\\\/nova\\\/wp-content\\\/uploads\\\/2020\\\/12\\\/cropped-cropped-Logotip-sole-2016_3G-1-1.png\",\"contentUrl\":\"https:\\\/\\\/ospoljcane.si\\\/nova\\\/wp-content\\\/uploads\\\/2020\\\/12\\\/cropped-cropped-Logotip-sole-2016_3G-1-1.png\",\"width\":512,\"height\":512,\"caption\":\"Osnovna \u0161ola Kajetana Kovi\u010da Polj\u010dane\"},\"image\":{\"@id\":\"https:\\\/\\\/ospoljcane.si\\\/nova\\\/#\\\/schema\\\/logo\\\/image\\\/\"}},{\"@type\":\"Person\",\"@id\":\"https:\\\/\\\/ospoljcane.si\\\/nova\\\/#\\\/schema\\\/person\\\/61d0b5b5fa1c1ce678c7d6f924be03ac\",\"name\":\"Kristina Jelnikar\",\"image\":{\"@type\":\"ImageObject\",\"inLanguage\":\"sl-SI\",\"@id\":\"https:\\\/\\\/secure.gravatar.com\\\/avatar\\\/c632a1c6db7d91ea08506862c2dfdb97cd95f38db54a148ddfe87d9c32e3420d?s=96&d=mm&r=g\",\"url\":\"https:\\\/\\\/secure.gravatar.com\\\/avatar\\\/c632a1c6db7d91ea08506862c2dfdb97cd95f38db54a148ddfe87d9c32e3420d?s=96&d=mm&r=g\",\"contentUrl\":\"https:\\\/\\\/secure.gravatar.com\\\/avatar\\\/c632a1c6db7d91ea08506862c2dfdb97cd95f38db54a148ddfe87d9c32e3420d?s=96&d=mm&r=g\",\"caption\":\"Kristina Jelnikar\"},\"url\":\"https:\\\/\\\/ospoljcane.si\\\/nova\\\/author\\\/kristina\\\/\"}]}<\/script>\n<!-- \/ Yoast SEO plugin. -->","yoast_head_json":{"title":"Atletski mnogoboj, medob\u010dinsko, mlaj\u0161i, posamezno, ekipno - Osnovna \u0161ola Kajetana Kovi\u010da Polj\u010dane","robots":{"index":"index","follow":"follow","max-snippet":"max-snippet:-1","max-image-preview":"max-image-preview:large","max-video-preview":"max-video-preview:-1"},"canonical":"https:\/\/ospoljcane.si\/nova\/2025\/03\/04\/atletski-mnogoboj-medobcinsko-mlajsi-posamezno-ekipno-2\/","og_locale":"sl_SI","og_type":"article","og_title":"Atletski mnogoboj, medob\u010dinsko, mlaj\u0161i, posamezno, ekipno - Osnovna \u0161ola Kajetana Kovi\u010da Polj\u010dane","og_description":"V zimski atletski dvorani v Slovenski Bistrici smo se, 27. 2. 2025, udele\u017eili medob\u010dinskega tekmovanja v dvoranskem mnogoboju za mlaj\u0161e de\u010dke in deklice, letnik 2010 &hellip;","og_url":"https:\/\/ospoljcane.si\/nova\/2025\/03\/04\/atletski-mnogoboj-medobcinsko-mlajsi-posamezno-ekipno-2\/","og_site_name":"Osnovna \u0161ola Kajetana Kovi\u010da Polj\u010dane","article_published_time":"2025-03-04T04:53:10+00:00","article_modified_time":"2025-03-04T04:55:18+00:00","og_image":[{"width":258,"height":250,"url":"https:\/\/ospoljcane.si\/nova\/wp-content\/uploads\/2025\/03\/Slika2.png","type":"image\/png"}],"author":"Kristina Jelnikar","twitter_card":"summary_large_image","twitter_misc":{"Written by":"Kristina Jelnikar","Est. reading time":"3 minute"},"schema":{"@context":"https:\/\/schema.org","@graph":[{"@type":"Article","@id":"https:\/\/ospoljcane.si\/nova\/2025\/03\/04\/atletski-mnogoboj-medobcinsko-mlajsi-posamezno-ekipno-2\/#article","isPartOf":{"@id":"https:\/\/ospoljcane.si\/nova\/2025\/03\/04\/atletski-mnogoboj-medobcinsko-mlajsi-posamezno-ekipno-2\/"},"author":{"name":"Kristina Jelnikar","@id":"https:\/\/ospoljcane.si\/nova\/#\/schema\/person\/61d0b5b5fa1c1ce678c7d6f924be03ac"},"headline":"Atletski mnogoboj, medob\u010dinsko, mlaj\u0161i, posamezno, ekipno","datePublished":"2025-03-04T04:53:10+00:00","dateModified":"2025-03-04T04:55:18+00:00","mainEntityOfPage":{"@id":"https:\/\/ospoljcane.si\/nova\/2025\/03\/04\/atletski-mnogoboj-medobcinsko-mlajsi-posamezno-ekipno-2\/"},"wordCount":267,"publisher":{"@id":"https:\/\/ospoljcane.si\/nova\/#organization"},"image":{"@id":"https:\/\/ospoljcane.si\/nova\/2025\/03\/04\/atletski-mnogoboj-medobcinsko-mlajsi-posamezno-ekipno-2\/#primaryimage"},"thumbnailUrl":"https:\/\/ospoljcane.si\/nova\/wp-content\/uploads\/2025\/03\/Slika2.png","articleSection":["Dogodki 2024\/2025"],"inLanguage":"sl-SI"},{"@type":"WebPage","@id":"https:\/\/ospoljcane.si\/nova\/2025\/03\/04\/atletski-mnogoboj-medobcinsko-mlajsi-posamezno-ekipno-2\/","url":"https:\/\/ospoljcane.si\/nova\/2025\/03\/04\/atletski-mnogoboj-medobcinsko-mlajsi-posamezno-ekipno-2\/","name":"Atletski mnogoboj, medob\u010dinsko, mlaj\u0161i, posamezno, ekipno - Osnovna \u0161ola Kajetana Kovi\u010da Polj\u010dane","isPartOf":{"@id":"https:\/\/ospoljcane.si\/nova\/#website"},"primaryImageOfPage":{"@id":"https:\/\/ospoljcane.si\/nova\/2025\/03\/04\/atletski-mnogoboj-medobcinsko-mlajsi-posamezno-ekipno-2\/#primaryimage"},"image":{"@id":"https:\/\/ospoljcane.si\/nova\/2025\/03\/04\/atletski-mnogoboj-medobcinsko-mlajsi-posamezno-ekipno-2\/#primaryimage"},"thumbnailUrl":"https:\/\/ospoljcane.si\/nova\/wp-content\/uploads\/2025\/03\/Slika2.png","datePublished":"2025-03-04T04:53:10+00:00","dateModified":"2025-03-04T04:55:18+00:00","breadcrumb":{"@id":"https:\/\/ospoljcane.si\/nova\/2025\/03\/04\/atletski-mnogoboj-medobcinsko-mlajsi-posamezno-ekipno-2\/#breadcrumb"},"inLanguage":"sl-SI","potentialAction":[{"@type":"ReadAction","target":["https:\/\/ospoljcane.si\/nova\/2025\/03\/04\/atletski-mnogoboj-medobcinsko-mlajsi-posamezno-ekipno-2\/"]}]},{"@type":"ImageObject","inLanguage":"sl-SI","@id":"https:\/\/ospoljcane.si\/nova\/2025\/03\/04\/atletski-mnogoboj-medobcinsko-mlajsi-posamezno-ekipno-2\/#primaryimage","url":"https:\/\/ospoljcane.si\/nova\/wp-content\/uploads\/2025\/03\/Slika2.png","contentUrl":"https:\/\/ospoljcane.si\/nova\/wp-content\/uploads\/2025\/03\/Slika2.png","width":258,"height":250},{"@type":"BreadcrumbList","@id":"https:\/\/ospoljcane.si\/nova\/2025\/03\/04\/atletski-mnogoboj-medobcinsko-mlajsi-posamezno-ekipno-2\/#breadcrumb","itemListElement":[{"@type":"ListItem","position":1,"name":"Domov","item":"https:\/\/ospoljcane.si\/nova\/"},{"@type":"ListItem","position":2,"name":"Atletski mnogoboj, medob\u010dinsko, mlaj\u0161i, posamezno, ekipno"}]},{"@type":"WebSite","@id":"https:\/\/ospoljcane.si\/nova\/#website","url":"https:\/\/ospoljcane.si\/nova\/","name":"Osnovna \u0161ola Kajetana Kovi\u010da Polj\u010dane","description":"","publisher":{"@id":"https:\/\/ospoljcane.si\/nova\/#organization"},"potentialAction":[{"@type":"SearchAction","target":{"@type":"EntryPoint","urlTemplate":"https:\/\/ospoljcane.si\/nova\/?s={search_term_string}"},"query-input":{"@type":"PropertyValueSpecification","valueRequired":true,"valueName":"search_term_string"}}],"inLanguage":"sl-SI"},{"@type":"Organization","@id":"https:\/\/ospoljcane.si\/nova\/#organization","name":"Osnovna \u0161ola Kajetana Kovi\u010da Polj\u010dane","url":"https:\/\/ospoljcane.si\/nova\/","logo":{"@type":"ImageObject","inLanguage":"sl-SI","@id":"https:\/\/ospoljcane.si\/nova\/#\/schema\/logo\/image\/","url":"https:\/\/ospoljcane.si\/nova\/wp-content\/uploads\/2020\/12\/cropped-cropped-Logotip-sole-2016_3G-1-1.png","contentUrl":"https:\/\/ospoljcane.si\/nova\/wp-content\/uploads\/2020\/12\/cropped-cropped-Logotip-sole-2016_3G-1-1.png","width":512,"height":512,"caption":"Osnovna \u0161ola Kajetana Kovi\u010da Polj\u010dane"},"image":{"@id":"https:\/\/ospoljcane.si\/nova\/#\/schema\/logo\/image\/"}},{"@type":"Person","@id":"https:\/\/ospoljcane.si\/nova\/#\/schema\/person\/61d0b5b5fa1c1ce678c7d6f924be03ac","name":"Kristina Jelnikar","image":{"@type":"ImageObject","inLanguage":"sl-SI","@id":"https:\/\/secure.gravatar.com\/avatar\/c632a1c6db7d91ea08506862c2dfdb97cd95f38db54a148ddfe87d9c32e3420d?s=96&d=mm&r=g","url":"https:\/\/secure.gravatar.com\/avatar\/c632a1c6db7d91ea08506862c2dfdb97cd95f38db54a148ddfe87d9c32e3420d?s=96&d=mm&r=g","contentUrl":"https:\/\/secure.gravatar.com\/avatar\/c632a1c6db7d91ea08506862c2dfdb97cd95f38db54a148ddfe87d9c32e3420d?s=96&d=mm&r=g","caption":"Kristina Jelnikar"},"url":"https:\/\/ospoljcane.si\/nova\/author\/kristina\/"}]}},"_links":{"self":[{"href":"https:\/\/ospoljcane.si\/nova\/wp-json\/wp\/v2\/posts\/21174","targetHints":{"allow":["GET"]}}],"collection":[{"href":"https:\/\/ospoljcane.si\/nova\/wp-json\/wp\/v2\/posts"}],"about":[{"href":"https:\/\/ospoljcane.si\/nova\/wp-json\/wp\/v2\/types\/post"}],"author":[{"embeddable":true,"href":"https:\/\/ospoljcane.si\/nova\/wp-json\/wp\/v2\/users\/6"}],"replies":[{"embeddable":true,"href":"https:\/\/ospoljcane.si\/nova\/wp-json\/wp\/v2\/comments?post=21174"}],"version-history":[{"count":4,"href":"https:\/\/ospoljcane.si\/nova\/wp-json\/wp\/v2\/posts\/21174\/revisions"}],"predecessor-version":[{"id":21182,"href":"https:\/\/ospoljcane.si\/nova\/wp-json\/wp\/v2\/posts\/21174\/revisions\/21182"}],"wp:attachment":[{"href":"https:\/\/ospoljcane.si\/nova\/wp-json\/wp\/v2\/media?parent=21174"}],"wp:term":[{"taxonomy":"category","embeddable":true,"href":"https:\/\/ospoljcane.si\/nova\/wp-json\/wp\/v2\/categories?post=21174"},{"taxonomy":"post_tag","embeddable":true,"href":"https:\/\/ospoljcane.si\/nova\/wp-json\/wp\/v2\/tags?post=21174"}],"curies":[{"name":"wp","href":"https:\/\/api.w.org\/{rel}","templated":true}]}}