{"id":14875,"date":"2023-06-05T06:13:21","date_gmt":"2023-06-05T04:13:21","guid":{"rendered":"http:\/\/ospoljcane.si\/nova\/?p=14875"},"modified":"2023-06-05T21:02:36","modified_gmt":"2023-06-05T19:02:36","slug":"rezultati-14-poljcanskega-teka","status":"publish","type":"post","link":"https:\/\/ospoljcane.si\/nova\/2023\/06\/05\/rezultati-14-poljcanskega-teka\/","title":{"rendered":"REZULTATI 14. POLJ\u010cANSKEGA TEKA"},"content":{"rendered":"\t\t<div data-elementor-type=\"wp-post\" data-elementor-id=\"14875\" class=\"elementor elementor-14875\" data-elementor-post-type=\"post\">\n\t\t\t\t\t\t<section class=\"elementor-section elementor-top-section elementor-element elementor-element-b5c524a elementor-section-boxed elementor-section-height-default elementor-section-height-default\" data-id=\"b5c524a\" data-element_type=\"section\" data-e-type=\"section\">\n\t\t\t\t\t\t<div class=\"elementor-container elementor-column-gap-default\">\n\t\t\t\t\t<div class=\"elementor-column elementor-col-100 elementor-top-column elementor-element elementor-element-a3a64c9\" data-id=\"a3a64c9\" data-element_type=\"column\" data-e-type=\"column\">\n\t\t\t<div class=\"elementor-widget-wrap elementor-element-populated\">\n\t\t\t\t\t\t<div class=\"elementor-element elementor-element-81cada5 elementor-widget elementor-widget-text-editor\" data-id=\"81cada5\" data-element_type=\"widget\" data-e-type=\"widget\" data-widget_type=\"text-editor.default\">\n\t\t\t\t<div class=\"elementor-widget-container\">\n\t\t\t\t\t\t\t\t\t<p><strong><u>Deklice, vrtec, mlaj\u0161e, letnik 2019 in mlaj\u0161e<\/u><\/strong><\/p><ol><li>Nely Putanec, 2. Lu\u010dka Kokot, 3. Emilija Ko\u0161i\u010d, 4. Sofia Trglav\u010dnik, 5. Glorija Einfalt, 6. Mia Gujt, 7. Anemari Mikoli\u010d Hasi\u0107, 8. Zara Rozman, 9. Inja Zidari\u010d<\/li><\/ol><p>\u00a0<\/p><p><strong><u>De\u010dki, vrtec, mlaj\u0161i, letnik 2019 in mlaj\u0161i<\/u><\/strong><\/p><ol><li>Tian Topolovec, 2. Jaka Rozman, 3. Lovro Dreier<\/li><\/ol><p>\u00a0<\/p><p><strong><u>Deklice, vrtec, starej\u0161e, letnik 2017 in 2018 <\/u><\/strong><\/p><ol><li>\u0160pela Ma\u010dek, 2. Larisa Lovren\u010di\u010d, 3. Julija Putanec, 4. Nikolina Stanojevi\u010d, 5. Ajda Kos, 6. Zala Kidri\u010d, 7. Maru\u0161a Brumec, 8. Ajla Po\u017eeg, 9. \u017dana Pleter\u0161i\u010d, 10. Ela Ambro\u017e<\/li><\/ol><p>\u00a0<\/p><p><strong><u>De\u010dki, vrtec, starej\u0161i, letnik 2017 in 2018 <\/u><\/strong><\/p><ol><li>Tev\u017e Pleter\u0161i\u010d, 2. Jaka Man\u010dek, 3. Miha \u017duna, 4. Mark Jelov\u0161ek, 5. Rok Kodri\u010d, 6. Tit Berglez, 7. An\u017ee Luft, 8. Jakob \u017deleznik, 9. Filip Turk, 10. Sergej Kidri\u010d, 11. Antonijo Mikoli\u010d Hasi\u0107, 12. David Pavi\u0107, 13. Jure Mr\u0161i\u0107, 14. Jakob Dreier<\/li><\/ol><p>\u00a0<\/p><p><strong><u>Deklice, 1., 2. razred, letnik 2015, 2016<\/u><\/strong><\/p><ol><li>Inja Razbor\u0161ek, 2. Ema \u017duna, 3. Hannah Drozg, 4. Eva Mijo\u0161ek, 5. Ajda Riegler, 6. Lana Regvart, 7. Anja Zidar, 8. Zala Kokot, 9. Irina Kociper, 10. Maja Zidar, 11. Ur\u0161ka Margu\u010d, 12. Tinkara Einfalt,13. Vita Witmajer<\/li><\/ol><p>\u00a0<\/p><p><strong><u>De\u010dki, 1., 2. razred, letnik 2015, 2016<\/u><\/strong><\/p><ol><li>Anej Auer, 2. Matev\u017e Bab\u0161ek, 3. Tine Kralj, 4. Tobias Regvart, 5. O\u017ebej Vehovar, 6. Izak Hribernik, 7. \u017diga Cviji\u010d, 8. Sta\u0161 Ror\u0161ek<\/li><\/ol><p>\u00a0<\/p><p><strong><u>Deklice, 3., 4. razred, letnik 2013, 2014<\/u><\/strong><\/p><ol><li>Ne\u017ea Klinc, 2. Nika Kralj, 3. Ajda Vehovar, 4. Sara Furman, 5. Tijana Jelov\u0161ek, 6. Melisa Bistan, 7. Ella \u0160retl<\/li><\/ol><p>\u00a0<\/p><p><strong><u>De\u010dki, 3., 4. razred, letnik 2013, 2014<\/u><\/strong><\/p><ol><li>Liam Brglez, 2. Urh Grm, 3. Alja\u017e Be\u0161kovnik, 4. Jure Berk, 5. Tayl Rak, 6. Julian Erker, 7. Noel Gosak, 8. Ga\u0161per Mr\u0161i\u0107, 9. Alja\u017e Ma\u010dek, 10. Jakob Obreht, 11. Liam Razbor\u0161ek, 12. Miha Man\u010dek<\/li><\/ol><p>\u00a0<\/p><p><strong><u>Deklice, 5., 6. razred, letnik 2011, 2012<\/u><\/strong><\/p><ol><li>Danaja Kiselak, 2. Ana Vidovi\u010d, 3. Ajda Marzidov\u0161ek, 4. Ur\u0161ka Perdan, 5. Ajda Hribernik, 6. Bina Turin<\/li><\/ol><p>\u00a0<\/p><p><strong><u>De\u010dki, 5., 6. razred, letnik 2011, 2012<\/u><\/strong><\/p><ol><li>O\u017ebej Vidovi\u010d, 2. Nejc Kegu, 3. Jan \u0160ega, 4. Mihael Plav\u010dak, 5. Nik Slana, 6. Filip Krenker, 7. Gregor Kro\u0161el, 8. Rene Kodri\u010d, 9. Matic Grobel\u0161ek, 10. Tai Mesi\u0107, 11. Val Pepelnak<\/li><\/ol><p>\u00a0<\/p><p><strong><u>Deklice, 7., 8., 9. razred, letnik 2008, 2009, 2010<\/u><\/strong><\/p><ol><li>Gabriela Plav\u010dak, 2. Kristina Ogrizek, 3. Lara Perdan, 4. Ma\u0161a Prah, 5. Maja Figek, 6. Zarja Flac, 7. Veronika Einfalt, 8. \u017diva Pepelnak<\/li><\/ol><p>\u00a0<\/p><p><strong><u>De\u010dki, 7., 8., 9. razred, letnik 2008, 2009, 2010<\/u><\/strong><\/p><ol><li>Kristjan Rebernik, 2. Jan Pislak, 3. Samuel erker, 4. Jakob \u0160abec, 5. An\u017ee Brumec, 6. Timon \u010cebular, 7. \u017dan Slaten\u0161ek, 8. Jan Slana, 9. Rok \u010coh, 10. An\u017ee Be\u0161kovnik<\/li><\/ol><p>\u00a0<\/p><p><strong><u>Dru\u017einski tek vrtec &#8211; starej\u0161i<\/u><\/strong><\/p><ol><li>Jelov\u0161ek Rok, Mark, Mirjana, Tijana, 2. Man\u010dek Jaka, Miha, Ur\u0161ka Ku\u0161ar, 3. Bistan Melisa, Kristina, Jure, 4. Pleter\u0161i\u010d Tev\u017e, \u017dana, Sa\u0161o, Vanesa Fider\u0161ek, 5. Le\u0161nik Matija, Manja, Dejan, 6. Kodri\u010d Rok, Rene, Katka, Slavko<\/li><\/ol><p>\u00a0<\/p><p><strong><u>Dru\u017einski tek \u0161ola I.<\/u><\/strong><\/p><ol><li>Kralj Tine, Nika, Sabina, Matev\u017e, 2. Drozg Hannah, Neja, Marjetka, matja\u017e, 3. \u0160ega Luka, Jan, Liljana<\/li><\/ol><p>\u00a0<\/p><p><strong><u>Dru\u017einski tek \u0161ola II. <\/u><\/strong><\/p><ol><li>Klinc \u017diga, Ne\u017ea, Ale\u0161, 2. Erker Julian, Samuel, Toma\u017e, 3. Jelov\u0161ek Mirjana, Rok, Tijana<\/li><\/ol><p>\u00a0<\/p><p><strong><u>Dru\u017einski tek ostali<\/u><\/strong><\/p><ol><li>Piko Domen, Andra\u017e, Matic, 2. Vidovi\u010d O\u017ebej, Ana, Niko, 3. A\u010dko Melanija, Matic, Amadej, 4. Brumec An\u017ee, Suzana, Franci<\/li><\/ol><p>\u00a0<\/p><p><strong><u>Mo\u0161ki A (od 16 \u2013 30 let)<\/u><\/strong><\/p><ol><li>Vid Gal, 2. Ga\u0161per Hribernik, 3. David Gal<\/li><\/ol><p>\u00a0<\/p><p><strong><u>\u017denske B (od 31 \u2013 40 let)<\/u><\/strong><\/p><ol><li>Melanija A\u010dko, Klavdija Polaj\u017eer<\/li><\/ol><p>\u00a0<\/p><p><strong><u>Mo\u0161ki B (od 31 do 40 let)<\/u><\/strong><\/p><ol><li>Niko Vidovi\u010d<\/li><\/ol><p>\u00a0<\/p><p><strong><u>Mo\u0161ki C (od 41 do 50 let)<\/u><\/strong><\/p><ol><li>Marko Tomani\u010d, 2. Domen Piko, 3. Toma\u017e Erker<\/li><\/ol><p>\u00a0<\/p><p><strong><u>Mo\u0161ki D (od 51 &#8211; \u00a060 let)<\/u><\/strong><\/p><ol><li>Karl Petelin\u0161ek<\/li><\/ol><p>\u00a0<\/p><p><strong><u>\u017denske E (nad 60 let)<\/u><\/strong><\/p><ol><li>Cvetka Pu\u0161nik<\/li><\/ol><p>\u00a0<\/p><p><strong><u>Mo\u0161ki E (nad 60 let)<\/u><\/strong><\/p><ol><li>Tone Koro\u0161ec, 2. Vinko Zobec<\/li><\/ol><p>\u00a0<\/p><p><strong><u>\u0160tafeta osnovno\u0161olke <\/u><\/strong><\/p><ol><li>Kristina Ogrizek, Maja Figek, Veronika Einfalt, 2. Sara Pislak, Lana Kodri\u010d Koren, Nika Kolar, 3. \u017diva Pepelnak, Zarja Flac, Ma\u0161a Prah<\/li><\/ol><p>\u00a0<\/p><p><strong><u>\u0160tafeta osnovno\u0161olci<\/u><\/strong><\/p><ol><li>Kristjan Rebernik, Timon \u010cebular, Andra\u017e Piko, 2. Maj Kodri\u010d Koren, Jan Pislak, Taj Kodri\u010d Koren, 3. Samuel Erker, \u017dan Slaten\u0161ek, An\u017ee Be\u0161kovnik, 4. Rok \u010coh, An\u017ee Brumec, Jakob \u0160abec, 5. Jan \u0160ega, Filip Krenker, Mihael Plav\u010dak, 6. Matic Grobel\u0161ek, Gregor Kro\u0161el, Jan \u0160abec, 7. Noel Gosak, Tayl Rak, Urh Grm<\/li><\/ol><p><strong><u>\u00a0<\/u><\/strong><\/p><p><strong><u>\u0160tafeta mo\u0161ki<\/u><\/strong><\/p><ol><li>Tine Rupnik, Ga\u0161per Hribernik, Vid Gal, 2. Domen Piko, Niko Vidovi\u010d, Rok Jelov\u0161ek, 3. Karl Petelin\u0161ek, Toma\u017e Erker, Marko Tomani\u010d<\/li><\/ol><p>\u00a0<\/p><p><strong>Deset krat<\/strong> <strong>sodelovali na polj\u010danskem teku<\/strong>: Ma\u0161a Prah, Ga\u0161per Hribernik, Tine Rupnik<\/p>\t\t\t\t\t\t\t\t<\/div>\n\t\t\t\t<\/div>\n\t\t\t\t\t<\/div>\n\t\t<\/div>\n\t\t\t\t\t<\/div>\n\t\t<\/section>\n\t\t\t\t<\/div>\n\t\t","protected":false},"excerpt":{"rendered":"<p>Deklice, vrtec, mlaj\u0161e, letnik 2019 in mlaj\u0161e Nely Putanec, 2. Lu\u010dka Kokot, 3. Emilija Ko\u0161i\u010d, 4. Sofia Trglav\u010dnik, 5. Glorija Einfalt, 6. Mia Gujt, 7. &hellip; <\/p>\n","protected":false},"author":6,"featured_media":14916,"comment_status":"closed","ping_status":"open","sticky":false,"template":"","format":"standard","meta":{"footnotes":""},"categories":[1],"tags":[],"class_list":["post-14875","post","type-post","status-publish","format-standard","has-post-thumbnail","hentry","category-nekategorizirano","image-hover-transition-effect","latest_post"],"yoast_head":"<!-- This site is optimized with the Yoast SEO plugin v27.5 - https:\/\/yoast.com\/product\/yoast-seo-wordpress\/ -->\n<title>REZULTATI 14. POLJ\u010cANSKEGA TEKA - Osnovna \u0161ola Kajetana Kovi\u010da Polj\u010dane<\/title>\n<meta name=\"robots\" content=\"index, follow, max-snippet:-1, max-image-preview:large, max-video-preview:-1\" \/>\n<link rel=\"canonical\" href=\"https:\/\/ospoljcane.si\/nova\/2023\/06\/05\/rezultati-14-poljcanskega-teka\/\" \/>\n<meta property=\"og:locale\" content=\"sl_SI\" \/>\n<meta property=\"og:type\" content=\"article\" \/>\n<meta property=\"og:title\" content=\"REZULTATI 14. POLJ\u010cANSKEGA TEKA - Osnovna \u0161ola Kajetana Kovi\u010da Polj\u010dane\" \/>\n<meta property=\"og:description\" content=\"Deklice, vrtec, mlaj\u0161e, letnik 2019 in mlaj\u0161e Nely Putanec, 2. Lu\u010dka Kokot, 3. Emilija Ko\u0161i\u010d, 4. Sofia Trglav\u010dnik, 5. Glorija Einfalt, 6. Mia Gujt, 7. &hellip;\" \/>\n<meta property=\"og:url\" content=\"https:\/\/ospoljcane.si\/nova\/2023\/06\/05\/rezultati-14-poljcanskega-teka\/\" \/>\n<meta property=\"og:site_name\" content=\"Osnovna \u0161ola Kajetana Kovi\u010da Polj\u010dane\" \/>\n<meta property=\"article:published_time\" content=\"2023-06-05T04:13:21+00:00\" \/>\n<meta property=\"article:modified_time\" content=\"2023-06-05T19:02:36+00:00\" \/>\n<meta property=\"og:image\" content=\"https:\/\/ospoljcane.si\/nova\/wp-content\/uploads\/2023\/06\/OSP_8131-1600x1200-1.jpg\" \/>\n\t<meta property=\"og:image:width\" content=\"599\" \/>\n\t<meta property=\"og:image:height\" content=\"400\" \/>\n\t<meta property=\"og:image:type\" content=\"image\/jpeg\" \/>\n<meta name=\"author\" content=\"Kristina Jelnikar\" \/>\n<meta name=\"twitter:card\" content=\"summary_large_image\" \/>\n<meta name=\"twitter:label1\" content=\"Written by\" \/>\n\t<meta name=\"twitter:data1\" content=\"Kristina Jelnikar\" \/>\n\t<meta name=\"twitter:label2\" content=\"Est. reading time\" \/>\n\t<meta name=\"twitter:data2\" content=\"4 minute\" \/>\n<script type=\"application\/ld+json\" class=\"yoast-schema-graph\">{\"@context\":\"https:\\\/\\\/schema.org\",\"@graph\":[{\"@type\":\"Article\",\"@id\":\"https:\\\/\\\/ospoljcane.si\\\/nova\\\/2023\\\/06\\\/05\\\/rezultati-14-poljcanskega-teka\\\/#article\",\"isPartOf\":{\"@id\":\"https:\\\/\\\/ospoljcane.si\\\/nova\\\/2023\\\/06\\\/05\\\/rezultati-14-poljcanskega-teka\\\/\"},\"author\":{\"name\":\"Kristina Jelnikar\",\"@id\":\"https:\\\/\\\/ospoljcane.si\\\/nova\\\/#\\\/schema\\\/person\\\/61d0b5b5fa1c1ce678c7d6f924be03ac\"},\"headline\":\"REZULTATI 14. POLJ\u010cANSKEGA TEKA\",\"datePublished\":\"2023-06-05T04:13:21+00:00\",\"dateModified\":\"2023-06-05T19:02:36+00:00\",\"mainEntityOfPage\":{\"@id\":\"https:\\\/\\\/ospoljcane.si\\\/nova\\\/2023\\\/06\\\/05\\\/rezultati-14-poljcanskega-teka\\\/\"},\"wordCount\":614,\"publisher\":{\"@id\":\"https:\\\/\\\/ospoljcane.si\\\/nova\\\/#organization\"},\"image\":{\"@id\":\"https:\\\/\\\/ospoljcane.si\\\/nova\\\/2023\\\/06\\\/05\\\/rezultati-14-poljcanskega-teka\\\/#primaryimage\"},\"thumbnailUrl\":\"https:\\\/\\\/ospoljcane.si\\\/nova\\\/wp-content\\\/uploads\\\/2023\\\/06\\\/OSP_8131-1600x1200-1.jpg\",\"inLanguage\":\"sl-SI\"},{\"@type\":\"WebPage\",\"@id\":\"https:\\\/\\\/ospoljcane.si\\\/nova\\\/2023\\\/06\\\/05\\\/rezultati-14-poljcanskega-teka\\\/\",\"url\":\"https:\\\/\\\/ospoljcane.si\\\/nova\\\/2023\\\/06\\\/05\\\/rezultati-14-poljcanskega-teka\\\/\",\"name\":\"REZULTATI 14. POLJ\u010cANSKEGA TEKA - Osnovna \u0161ola Kajetana Kovi\u010da Polj\u010dane\",\"isPartOf\":{\"@id\":\"https:\\\/\\\/ospoljcane.si\\\/nova\\\/#website\"},\"primaryImageOfPage\":{\"@id\":\"https:\\\/\\\/ospoljcane.si\\\/nova\\\/2023\\\/06\\\/05\\\/rezultati-14-poljcanskega-teka\\\/#primaryimage\"},\"image\":{\"@id\":\"https:\\\/\\\/ospoljcane.si\\\/nova\\\/2023\\\/06\\\/05\\\/rezultati-14-poljcanskega-teka\\\/#primaryimage\"},\"thumbnailUrl\":\"https:\\\/\\\/ospoljcane.si\\\/nova\\\/wp-content\\\/uploads\\\/2023\\\/06\\\/OSP_8131-1600x1200-1.jpg\",\"datePublished\":\"2023-06-05T04:13:21+00:00\",\"dateModified\":\"2023-06-05T19:02:36+00:00\",\"breadcrumb\":{\"@id\":\"https:\\\/\\\/ospoljcane.si\\\/nova\\\/2023\\\/06\\\/05\\\/rezultati-14-poljcanskega-teka\\\/#breadcrumb\"},\"inLanguage\":\"sl-SI\",\"potentialAction\":[{\"@type\":\"ReadAction\",\"target\":[\"https:\\\/\\\/ospoljcane.si\\\/nova\\\/2023\\\/06\\\/05\\\/rezultati-14-poljcanskega-teka\\\/\"]}]},{\"@type\":\"ImageObject\",\"inLanguage\":\"sl-SI\",\"@id\":\"https:\\\/\\\/ospoljcane.si\\\/nova\\\/2023\\\/06\\\/05\\\/rezultati-14-poljcanskega-teka\\\/#primaryimage\",\"url\":\"https:\\\/\\\/ospoljcane.si\\\/nova\\\/wp-content\\\/uploads\\\/2023\\\/06\\\/OSP_8131-1600x1200-1.jpg\",\"contentUrl\":\"https:\\\/\\\/ospoljcane.si\\\/nova\\\/wp-content\\\/uploads\\\/2023\\\/06\\\/OSP_8131-1600x1200-1.jpg\",\"width\":599,\"height\":400},{\"@type\":\"BreadcrumbList\",\"@id\":\"https:\\\/\\\/ospoljcane.si\\\/nova\\\/2023\\\/06\\\/05\\\/rezultati-14-poljcanskega-teka\\\/#breadcrumb\",\"itemListElement\":[{\"@type\":\"ListItem\",\"position\":1,\"name\":\"Domov\",\"item\":\"https:\\\/\\\/ospoljcane.si\\\/nova\\\/\"},{\"@type\":\"ListItem\",\"position\":2,\"name\":\"REZULTATI 14. POLJ\u010cANSKEGA TEKA\"}]},{\"@type\":\"WebSite\",\"@id\":\"https:\\\/\\\/ospoljcane.si\\\/nova\\\/#website\",\"url\":\"https:\\\/\\\/ospoljcane.si\\\/nova\\\/\",\"name\":\"Osnovna \u0161ola Kajetana Kovi\u010da Polj\u010dane\",\"description\":\"\",\"publisher\":{\"@id\":\"https:\\\/\\\/ospoljcane.si\\\/nova\\\/#organization\"},\"potentialAction\":[{\"@type\":\"SearchAction\",\"target\":{\"@type\":\"EntryPoint\",\"urlTemplate\":\"https:\\\/\\\/ospoljcane.si\\\/nova\\\/?s={search_term_string}\"},\"query-input\":{\"@type\":\"PropertyValueSpecification\",\"valueRequired\":true,\"valueName\":\"search_term_string\"}}],\"inLanguage\":\"sl-SI\"},{\"@type\":\"Organization\",\"@id\":\"https:\\\/\\\/ospoljcane.si\\\/nova\\\/#organization\",\"name\":\"Osnovna \u0161ola Kajetana Kovi\u010da Polj\u010dane\",\"url\":\"https:\\\/\\\/ospoljcane.si\\\/nova\\\/\",\"logo\":{\"@type\":\"ImageObject\",\"inLanguage\":\"sl-SI\",\"@id\":\"https:\\\/\\\/ospoljcane.si\\\/nova\\\/#\\\/schema\\\/logo\\\/image\\\/\",\"url\":\"https:\\\/\\\/ospoljcane.si\\\/nova\\\/wp-content\\\/uploads\\\/2020\\\/12\\\/cropped-cropped-Logotip-sole-2016_3G-1-1.png\",\"contentUrl\":\"https:\\\/\\\/ospoljcane.si\\\/nova\\\/wp-content\\\/uploads\\\/2020\\\/12\\\/cropped-cropped-Logotip-sole-2016_3G-1-1.png\",\"width\":512,\"height\":512,\"caption\":\"Osnovna \u0161ola Kajetana Kovi\u010da Polj\u010dane\"},\"image\":{\"@id\":\"https:\\\/\\\/ospoljcane.si\\\/nova\\\/#\\\/schema\\\/logo\\\/image\\\/\"}},{\"@type\":\"Person\",\"@id\":\"https:\\\/\\\/ospoljcane.si\\\/nova\\\/#\\\/schema\\\/person\\\/61d0b5b5fa1c1ce678c7d6f924be03ac\",\"name\":\"Kristina Jelnikar\",\"image\":{\"@type\":\"ImageObject\",\"inLanguage\":\"sl-SI\",\"@id\":\"https:\\\/\\\/secure.gravatar.com\\\/avatar\\\/c632a1c6db7d91ea08506862c2dfdb97cd95f38db54a148ddfe87d9c32e3420d?s=96&d=mm&r=g\",\"url\":\"https:\\\/\\\/secure.gravatar.com\\\/avatar\\\/c632a1c6db7d91ea08506862c2dfdb97cd95f38db54a148ddfe87d9c32e3420d?s=96&d=mm&r=g\",\"contentUrl\":\"https:\\\/\\\/secure.gravatar.com\\\/avatar\\\/c632a1c6db7d91ea08506862c2dfdb97cd95f38db54a148ddfe87d9c32e3420d?s=96&d=mm&r=g\",\"caption\":\"Kristina Jelnikar\"},\"url\":\"https:\\\/\\\/ospoljcane.si\\\/nova\\\/author\\\/kristina\\\/\"}]}<\/script>\n<!-- \/ Yoast SEO plugin. -->","yoast_head_json":{"title":"REZULTATI 14. POLJ\u010cANSKEGA TEKA - Osnovna \u0161ola Kajetana Kovi\u010da Polj\u010dane","robots":{"index":"index","follow":"follow","max-snippet":"max-snippet:-1","max-image-preview":"max-image-preview:large","max-video-preview":"max-video-preview:-1"},"canonical":"https:\/\/ospoljcane.si\/nova\/2023\/06\/05\/rezultati-14-poljcanskega-teka\/","og_locale":"sl_SI","og_type":"article","og_title":"REZULTATI 14. POLJ\u010cANSKEGA TEKA - Osnovna \u0161ola Kajetana Kovi\u010da Polj\u010dane","og_description":"Deklice, vrtec, mlaj\u0161e, letnik 2019 in mlaj\u0161e Nely Putanec, 2. Lu\u010dka Kokot, 3. Emilija Ko\u0161i\u010d, 4. Sofia Trglav\u010dnik, 5. Glorija Einfalt, 6. Mia Gujt, 7. &hellip;","og_url":"https:\/\/ospoljcane.si\/nova\/2023\/06\/05\/rezultati-14-poljcanskega-teka\/","og_site_name":"Osnovna \u0161ola Kajetana Kovi\u010da Polj\u010dane","article_published_time":"2023-06-05T04:13:21+00:00","article_modified_time":"2023-06-05T19:02:36+00:00","og_image":[{"width":599,"height":400,"url":"https:\/\/ospoljcane.si\/nova\/wp-content\/uploads\/2023\/06\/OSP_8131-1600x1200-1.jpg","type":"image\/jpeg"}],"author":"Kristina Jelnikar","twitter_card":"summary_large_image","twitter_misc":{"Written by":"Kristina Jelnikar","Est. reading time":"4 minute"},"schema":{"@context":"https:\/\/schema.org","@graph":[{"@type":"Article","@id":"https:\/\/ospoljcane.si\/nova\/2023\/06\/05\/rezultati-14-poljcanskega-teka\/#article","isPartOf":{"@id":"https:\/\/ospoljcane.si\/nova\/2023\/06\/05\/rezultati-14-poljcanskega-teka\/"},"author":{"name":"Kristina Jelnikar","@id":"https:\/\/ospoljcane.si\/nova\/#\/schema\/person\/61d0b5b5fa1c1ce678c7d6f924be03ac"},"headline":"REZULTATI 14. POLJ\u010cANSKEGA TEKA","datePublished":"2023-06-05T04:13:21+00:00","dateModified":"2023-06-05T19:02:36+00:00","mainEntityOfPage":{"@id":"https:\/\/ospoljcane.si\/nova\/2023\/06\/05\/rezultati-14-poljcanskega-teka\/"},"wordCount":614,"publisher":{"@id":"https:\/\/ospoljcane.si\/nova\/#organization"},"image":{"@id":"https:\/\/ospoljcane.si\/nova\/2023\/06\/05\/rezultati-14-poljcanskega-teka\/#primaryimage"},"thumbnailUrl":"https:\/\/ospoljcane.si\/nova\/wp-content\/uploads\/2023\/06\/OSP_8131-1600x1200-1.jpg","inLanguage":"sl-SI"},{"@type":"WebPage","@id":"https:\/\/ospoljcane.si\/nova\/2023\/06\/05\/rezultati-14-poljcanskega-teka\/","url":"https:\/\/ospoljcane.si\/nova\/2023\/06\/05\/rezultati-14-poljcanskega-teka\/","name":"REZULTATI 14. POLJ\u010cANSKEGA TEKA - Osnovna \u0161ola Kajetana Kovi\u010da Polj\u010dane","isPartOf":{"@id":"https:\/\/ospoljcane.si\/nova\/#website"},"primaryImageOfPage":{"@id":"https:\/\/ospoljcane.si\/nova\/2023\/06\/05\/rezultati-14-poljcanskega-teka\/#primaryimage"},"image":{"@id":"https:\/\/ospoljcane.si\/nova\/2023\/06\/05\/rezultati-14-poljcanskega-teka\/#primaryimage"},"thumbnailUrl":"https:\/\/ospoljcane.si\/nova\/wp-content\/uploads\/2023\/06\/OSP_8131-1600x1200-1.jpg","datePublished":"2023-06-05T04:13:21+00:00","dateModified":"2023-06-05T19:02:36+00:00","breadcrumb":{"@id":"https:\/\/ospoljcane.si\/nova\/2023\/06\/05\/rezultati-14-poljcanskega-teka\/#breadcrumb"},"inLanguage":"sl-SI","potentialAction":[{"@type":"ReadAction","target":["https:\/\/ospoljcane.si\/nova\/2023\/06\/05\/rezultati-14-poljcanskega-teka\/"]}]},{"@type":"ImageObject","inLanguage":"sl-SI","@id":"https:\/\/ospoljcane.si\/nova\/2023\/06\/05\/rezultati-14-poljcanskega-teka\/#primaryimage","url":"https:\/\/ospoljcane.si\/nova\/wp-content\/uploads\/2023\/06\/OSP_8131-1600x1200-1.jpg","contentUrl":"https:\/\/ospoljcane.si\/nova\/wp-content\/uploads\/2023\/06\/OSP_8131-1600x1200-1.jpg","width":599,"height":400},{"@type":"BreadcrumbList","@id":"https:\/\/ospoljcane.si\/nova\/2023\/06\/05\/rezultati-14-poljcanskega-teka\/#breadcrumb","itemListElement":[{"@type":"ListItem","position":1,"name":"Domov","item":"https:\/\/ospoljcane.si\/nova\/"},{"@type":"ListItem","position":2,"name":"REZULTATI 14. POLJ\u010cANSKEGA TEKA"}]},{"@type":"WebSite","@id":"https:\/\/ospoljcane.si\/nova\/#website","url":"https:\/\/ospoljcane.si\/nova\/","name":"Osnovna \u0161ola Kajetana Kovi\u010da Polj\u010dane","description":"","publisher":{"@id":"https:\/\/ospoljcane.si\/nova\/#organization"},"potentialAction":[{"@type":"SearchAction","target":{"@type":"EntryPoint","urlTemplate":"https:\/\/ospoljcane.si\/nova\/?s={search_term_string}"},"query-input":{"@type":"PropertyValueSpecification","valueRequired":true,"valueName":"search_term_string"}}],"inLanguage":"sl-SI"},{"@type":"Organization","@id":"https:\/\/ospoljcane.si\/nova\/#organization","name":"Osnovna \u0161ola Kajetana Kovi\u010da Polj\u010dane","url":"https:\/\/ospoljcane.si\/nova\/","logo":{"@type":"ImageObject","inLanguage":"sl-SI","@id":"https:\/\/ospoljcane.si\/nova\/#\/schema\/logo\/image\/","url":"https:\/\/ospoljcane.si\/nova\/wp-content\/uploads\/2020\/12\/cropped-cropped-Logotip-sole-2016_3G-1-1.png","contentUrl":"https:\/\/ospoljcane.si\/nova\/wp-content\/uploads\/2020\/12\/cropped-cropped-Logotip-sole-2016_3G-1-1.png","width":512,"height":512,"caption":"Osnovna \u0161ola Kajetana Kovi\u010da Polj\u010dane"},"image":{"@id":"https:\/\/ospoljcane.si\/nova\/#\/schema\/logo\/image\/"}},{"@type":"Person","@id":"https:\/\/ospoljcane.si\/nova\/#\/schema\/person\/61d0b5b5fa1c1ce678c7d6f924be03ac","name":"Kristina Jelnikar","image":{"@type":"ImageObject","inLanguage":"sl-SI","@id":"https:\/\/secure.gravatar.com\/avatar\/c632a1c6db7d91ea08506862c2dfdb97cd95f38db54a148ddfe87d9c32e3420d?s=96&d=mm&r=g","url":"https:\/\/secure.gravatar.com\/avatar\/c632a1c6db7d91ea08506862c2dfdb97cd95f38db54a148ddfe87d9c32e3420d?s=96&d=mm&r=g","contentUrl":"https:\/\/secure.gravatar.com\/avatar\/c632a1c6db7d91ea08506862c2dfdb97cd95f38db54a148ddfe87d9c32e3420d?s=96&d=mm&r=g","caption":"Kristina Jelnikar"},"url":"https:\/\/ospoljcane.si\/nova\/author\/kristina\/"}]}},"_links":{"self":[{"href":"https:\/\/ospoljcane.si\/nova\/wp-json\/wp\/v2\/posts\/14875","targetHints":{"allow":["GET"]}}],"collection":[{"href":"https:\/\/ospoljcane.si\/nova\/wp-json\/wp\/v2\/posts"}],"about":[{"href":"https:\/\/ospoljcane.si\/nova\/wp-json\/wp\/v2\/types\/post"}],"author":[{"embeddable":true,"href":"https:\/\/ospoljcane.si\/nova\/wp-json\/wp\/v2\/users\/6"}],"replies":[{"embeddable":true,"href":"https:\/\/ospoljcane.si\/nova\/wp-json\/wp\/v2\/comments?post=14875"}],"version-history":[{"count":5,"href":"https:\/\/ospoljcane.si\/nova\/wp-json\/wp\/v2\/posts\/14875\/revisions"}],"predecessor-version":[{"id":14924,"href":"https:\/\/ospoljcane.si\/nova\/wp-json\/wp\/v2\/posts\/14875\/revisions\/14924"}],"wp:featuredmedia":[{"embeddable":true,"href":"https:\/\/ospoljcane.si\/nova\/wp-json\/wp\/v2\/media\/14916"}],"wp:attachment":[{"href":"https:\/\/ospoljcane.si\/nova\/wp-json\/wp\/v2\/media?parent=14875"}],"wp:term":[{"taxonomy":"category","embeddable":true,"href":"https:\/\/ospoljcane.si\/nova\/wp-json\/wp\/v2\/categories?post=14875"},{"taxonomy":"post_tag","embeddable":true,"href":"https:\/\/ospoljcane.si\/nova\/wp-json\/wp\/v2\/tags?post=14875"}],"curies":[{"name":"wp","href":"https:\/\/api.w.org\/{rel}","templated":true}]}}